{"id":1019,"date":"2012-01-27T15:36:27","date_gmt":"2012-01-27T15:36:27","guid":{"rendered":"http:\/\/copades.com\/monec\/?p=1019"},"modified":"2012-01-27T15:36:27","modified_gmt":"2012-01-27T15:36:27","slug":"bajan-meta-de-crecimiento-a-la","status":"publish","type":"post","link":"https:\/\/copades.com\/monec\/?p=1019","title":{"rendered":"Bajan meta de crecimiento a LA"},"content":{"rendered":"<p style=\"text-align: justify;\">El Sistema Econ\u00f3mico Latinoamericano y del Caribe (SELA) baj\u00f3 a 3.70%\u00a0 la meta de crecimiento de la regi\u00f3n para este a\u00f1o, y advirti\u00f3 que los efectos de la crisis ya se sienten en varios pa\u00edses caribe\u00f1os cuyas econom\u00edas no se expandir\u00e1n.\u00a0\u201cLa previsi\u00f3n que hab\u00edamos hecho nosotros de crecimiento para este a\u00f1o, para el 2012, era del 4.0% o algo m\u00e1s.\u00a0 Hoy ya estamos en el 3.70%\u201d, declar\u00f3 el secretario permanente del SELA, <strong>Jos\u00e9 Rivera<\/strong>.\u00a0 (Siglo XXI 27.01.12)<\/p>\n","protected":false},"excerpt":{"rendered":"<p>El Sistema Econ\u00f3mico Latinoamericano y del Caribe (SELA) baj\u00f3 a 3.70%\u00a0 la meta de crecimiento de la regi\u00f3n para este a\u00f1o, y advirti\u00f3 que los efectos de la crisis ya se sienten en varios&#46;&#46;&#46;<\/p>\n","protected":false},"author":1,"featured_media":0,"comment_status":"open","ping_status":"closed","sticky":false,"template":"","format":"standard","meta":{"footnotes":""},"categories":[55],"tags":[299],"class_list":["post-1019","post","type-post","status-publish","format-standard","hentry","category-internacionales-seleccion","tag-sela"],"_links":{"self":[{"href":"https:\/\/copades.com\/monec\/index.php?rest_route=\/wp\/v2\/posts\/1019","targetHints":{"allow":["GET"]}}],"collection":[{"href":"https:\/\/copades.com\/monec\/index.php?rest_route=\/wp\/v2\/posts"}],"about":[{"href":"https:\/\/copades.com\/monec\/index.php?rest_route=\/wp\/v2\/types\/post"}],"author":[{"embeddable":true,"href":"https:\/\/copades.com\/monec\/index.php?rest_route=\/wp\/v2\/users\/1"}],"replies":[{"embeddable":true,"href":"https:\/\/copades.com\/monec\/index.php?rest_route=%2Fwp%2Fv2%2Fcomments&post=1019"}],"version-history":[{"count":1,"href":"https:\/\/copades.com\/monec\/index.php?rest_route=\/wp\/v2\/posts\/1019\/revisions"}],"predecessor-version":[{"id":1020,"href":"https:\/\/copades.com\/monec\/index.php?rest_route=\/wp\/v2\/posts\/1019\/revisions\/1020"}],"wp:attachment":[{"href":"https:\/\/copades.com\/monec\/index.php?rest_route=%2Fwp%2Fv2%2Fmedia&parent=1019"}],"wp:term":[{"taxonomy":"category","embeddable":true,"href":"https:\/\/copades.com\/monec\/index.php?rest_route=%2Fwp%2Fv2%2Fcategories&post=1019"},{"taxonomy":"post_tag","embeddable":true,"href":"https:\/\/copades.com\/monec\/index.php?rest_route=%2Fwp%2Fv2%2Ftags&post=1019"}],"curies":[{"name":"wp","href":"https:\/\/api.w.org\/{rel}","templated":true}]}}