{"id":1023,"date":"2012-01-28T16:53:55","date_gmt":"2012-01-28T16:53:55","guid":{"rendered":"http:\/\/copades.com\/monec\/?p=1023"},"modified":"2012-01-30T16:55:09","modified_gmt":"2012-01-30T16:55:09","slug":"preven-estabilidad-de-factura-electrica","status":"publish","type":"post","link":"https:\/\/copades.com\/monec\/?p=1023","title":{"rendered":"Prev\u00e9n estabilidad de factura el\u00e9ctrica"},"content":{"rendered":"<p style=\"text-align: justify;\">El pr\u00f3ximo 02 de febrero, la Comisi\u00f3n Nacional de Energ\u00eda El\u00e9ctrica (CNEE) presentar\u00e1 la actualizaci\u00f3n tarifaria de la factura el\u00e9ctrica que regir\u00e1 para el primer trimestre de 2012; sin embargo, prev\u00e9n que habr\u00e1 estabilidad en las tarifas. Los precios actualmente est\u00e1n en Q.1.56 por KWh para la tarifa social y Q.1.85 por KWh para la no social. El presidente de la CNEE, <strong>Carlos Colom<\/strong>, se\u00f1al\u00f3 que depende de la informaci\u00f3n que las distribuidoras env\u00edan, pero no se observa en los escenarios un alza. \u201cDadas las condiciones no se ve un alza, aunque no se lo puedo garantizar porque es un tema t\u00e9cnico\u201d. (Siglo XXI 28.01.12)<\/p>\n","protected":false},"excerpt":{"rendered":"<p>El pr\u00f3ximo 02 de febrero, la Comisi\u00f3n Nacional de Energ\u00eda El\u00e9ctrica (CNEE) presentar\u00e1 la actualizaci\u00f3n tarifaria de la factura el\u00e9ctrica que regir\u00e1 para el primer trimestre de 2012; sin embargo, prev\u00e9n que habr\u00e1 estabilidad&#46;&#46;&#46;<\/p>\n","protected":false},"author":1,"featured_media":0,"comment_status":"open","ping_status":"closed","sticky":false,"template":"","format":"standard","meta":{"footnotes":""},"categories":[5,14],"tags":[151],"class_list":["post-1023","post","type-post","status-publish","format-standard","hentry","category-actividad-productiva","category-energia-electrica","tag-cnee"],"_links":{"self":[{"href":"https:\/\/copades.com\/monec\/index.php?rest_route=\/wp\/v2\/posts\/1023","targetHints":{"allow":["GET"]}}],"collection":[{"href":"https:\/\/copades.com\/monec\/index.php?rest_route=\/wp\/v2\/posts"}],"about":[{"href":"https:\/\/copades.com\/monec\/index.php?rest_route=\/wp\/v2\/types\/post"}],"author":[{"embeddable":true,"href":"https:\/\/copades.com\/monec\/index.php?rest_route=\/wp\/v2\/users\/1"}],"replies":[{"embeddable":true,"href":"https:\/\/copades.com\/monec\/index.php?rest_route=%2Fwp%2Fv2%2Fcomments&post=1023"}],"version-history":[{"count":1,"href":"https:\/\/copades.com\/monec\/index.php?rest_route=\/wp\/v2\/posts\/1023\/revisions"}],"predecessor-version":[{"id":1024,"href":"https:\/\/copades.com\/monec\/index.php?rest_route=\/wp\/v2\/posts\/1023\/revisions\/1024"}],"wp:attachment":[{"href":"https:\/\/copades.com\/monec\/index.php?rest_route=%2Fwp%2Fv2%2Fmedia&parent=1023"}],"wp:term":[{"taxonomy":"category","embeddable":true,"href":"https:\/\/copades.com\/monec\/index.php?rest_route=%2Fwp%2Fv2%2Fcategories&post=1023"},{"taxonomy":"post_tag","embeddable":true,"href":"https:\/\/copades.com\/monec\/index.php?rest_route=%2Fwp%2Fv2%2Ftags&post=1023"}],"curies":[{"name":"wp","href":"https:\/\/api.w.org\/{rel}","templated":true}]}}