{"id":10292,"date":"2013-12-07T15:31:29","date_gmt":"2013-12-07T15:31:29","guid":{"rendered":"http:\/\/copades.com\/monec\/?p=10292"},"modified":"2013-12-09T15:32:11","modified_gmt":"2013-12-09T15:32:11","slug":"transporte-limita-exportacion-a-ue","status":"publish","type":"post","link":"https:\/\/copades.com\/monec\/?p=10292","title":{"rendered":"Transporte limita exportaci\u00f3n a UE"},"content":{"rendered":"<p style=\"text-align: justify;\">A pesar de que el 1 de diciembre entr\u00f3 en vigencia el Acuerdo de Asociaci\u00f3n con la Uni\u00f3n Europea (ADA), algunos sectores exportadores como frutas, vestuario y textiles no esperan aumentar sus env\u00edos a esos pa\u00edses, debido a problemas con el transporte mar\u00edtimo. <strong>Alejandro Ceballos<\/strong>, miembro de la junta directiva de la Comisi\u00f3n de Vestuario y Textiles (VESTEX), refiri\u00f3 que el flete para enviar un contenedor con cien mil prendas de Guatemala a Barcelona, Espa\u00f1a, que es el primer puerto de entrada, cuesta US$5 mil, mientras que de China para ese lugar tiene un costo de US$1 mil. \u201cNo podemos competir con esos costos, por eso lo que se env\u00eda principalmente a la UE son prendas t\u00edpicas\u201d, dijo. Seg\u00fan el Ministerio de Econom\u00eda (MINECO), del total de exportaciones que env\u00eda ese sector solo el 0.86% es para la Uni\u00f3n Europea. En el caso del sector de frutas, solamente env\u00eda un 5% a Europa del total de sus exportaciones. (Prensa Libre 07.12.13)<\/p>\n","protected":false},"excerpt":{"rendered":"<p>A pesar de que el 1 de diciembre entr\u00f3 en vigencia el Acuerdo de Asociaci\u00f3n con la Uni\u00f3n Europea (ADA), algunos sectores exportadores como frutas, vestuario y textiles no esperan aumentar sus env\u00edos a&#46;&#46;&#46;<\/p>\n","protected":false},"author":1,"featured_media":0,"comment_status":"open","ping_status":"closed","sticky":false,"template":"","format":"standard","meta":{"footnotes":""},"categories":[24,26],"tags":[586,227],"class_list":["post-10292","post","type-post","status-publish","format-standard","hentry","category-comercio-exterior","category-exportaciones","tag-ada","tag-vestex"],"_links":{"self":[{"href":"https:\/\/copades.com\/monec\/index.php?rest_route=\/wp\/v2\/posts\/10292","targetHints":{"allow":["GET"]}}],"collection":[{"href":"https:\/\/copades.com\/monec\/index.php?rest_route=\/wp\/v2\/posts"}],"about":[{"href":"https:\/\/copades.com\/monec\/index.php?rest_route=\/wp\/v2\/types\/post"}],"author":[{"embeddable":true,"href":"https:\/\/copades.com\/monec\/index.php?rest_route=\/wp\/v2\/users\/1"}],"replies":[{"embeddable":true,"href":"https:\/\/copades.com\/monec\/index.php?rest_route=%2Fwp%2Fv2%2Fcomments&post=10292"}],"version-history":[{"count":1,"href":"https:\/\/copades.com\/monec\/index.php?rest_route=\/wp\/v2\/posts\/10292\/revisions"}],"predecessor-version":[{"id":10293,"href":"https:\/\/copades.com\/monec\/index.php?rest_route=\/wp\/v2\/posts\/10292\/revisions\/10293"}],"wp:attachment":[{"href":"https:\/\/copades.com\/monec\/index.php?rest_route=%2Fwp%2Fv2%2Fmedia&parent=10292"}],"wp:term":[{"taxonomy":"category","embeddable":true,"href":"https:\/\/copades.com\/monec\/index.php?rest_route=%2Fwp%2Fv2%2Fcategories&post=10292"},{"taxonomy":"post_tag","embeddable":true,"href":"https:\/\/copades.com\/monec\/index.php?rest_route=%2Fwp%2Fv2%2Ftags&post=10292"}],"curies":[{"name":"wp","href":"https:\/\/api.w.org\/{rel}","templated":true}]}}