{"id":10883,"date":"2014-01-23T16:17:19","date_gmt":"2014-01-23T16:17:19","guid":{"rendered":"http:\/\/copades.com\/monec\/?p=10883"},"modified":"2014-01-23T16:17:19","modified_gmt":"2014-01-23T16:17:19","slug":"exportaciones-de-cafe-centroamerica-colombia-y-peru-bajan","status":"publish","type":"post","link":"https:\/\/copades.com\/monec\/?p=10883","title":{"rendered":"Exportaciones de caf\u00e9 Centroam\u00e9rica, Colombia y Per\u00fa bajan"},"content":{"rendered":"<p style=\"text-align: justify;\">Las exportaciones de caf\u00e9 de Colombia, Per\u00fa y Centroam\u00e9rica bajaron un 9.50% en diciembre en comparaci\u00f3n al mismo mes del ciclo previo debido a menores env\u00edos desde estos \u00faltimos dos lugares, dijo el mi\u00e9rcoles la asociaci\u00f3n de productores ANACAF\u00c9. Las exportaciones totalizaron 1,782,400 sacos de 60 kilos, dijo ANACAF\u00c9, que report\u00f3 una reducci\u00f3n en los embarques desde los pa\u00edses centroamericanos Costa Rica, El Salvador y Nicaragua, y desde Per\u00fa. La baja, calculada por Reuters, excluye las cifras comparativas de M\u00e9xico, que no report\u00f3 ante el organismo sus datos por segundo mes consecutivo. (El Periodico 23.01.14)<\/p>\n","protected":false},"excerpt":{"rendered":"<p>Las exportaciones de caf\u00e9 de Colombia, Per\u00fa y Centroam\u00e9rica bajaron un 9.50% en diciembre en comparaci\u00f3n al mismo mes del ciclo previo debido a menores env\u00edos desde estos \u00faltimos dos lugares, dijo el mi\u00e9rcoles&#46;&#46;&#46;<\/p>\n","protected":false},"author":1,"featured_media":0,"comment_status":"open","ping_status":"closed","sticky":false,"template":"","format":"standard","meta":{"footnotes":""},"categories":[55],"tags":[251],"class_list":["post-10883","post","type-post","status-publish","format-standard","hentry","category-internacionales-seleccion","tag-anacafe"],"_links":{"self":[{"href":"https:\/\/copades.com\/monec\/index.php?rest_route=\/wp\/v2\/posts\/10883","targetHints":{"allow":["GET"]}}],"collection":[{"href":"https:\/\/copades.com\/monec\/index.php?rest_route=\/wp\/v2\/posts"}],"about":[{"href":"https:\/\/copades.com\/monec\/index.php?rest_route=\/wp\/v2\/types\/post"}],"author":[{"embeddable":true,"href":"https:\/\/copades.com\/monec\/index.php?rest_route=\/wp\/v2\/users\/1"}],"replies":[{"embeddable":true,"href":"https:\/\/copades.com\/monec\/index.php?rest_route=%2Fwp%2Fv2%2Fcomments&post=10883"}],"version-history":[{"count":2,"href":"https:\/\/copades.com\/monec\/index.php?rest_route=\/wp\/v2\/posts\/10883\/revisions"}],"predecessor-version":[{"id":10885,"href":"https:\/\/copades.com\/monec\/index.php?rest_route=\/wp\/v2\/posts\/10883\/revisions\/10885"}],"wp:attachment":[{"href":"https:\/\/copades.com\/monec\/index.php?rest_route=%2Fwp%2Fv2%2Fmedia&parent=10883"}],"wp:term":[{"taxonomy":"category","embeddable":true,"href":"https:\/\/copades.com\/monec\/index.php?rest_route=%2Fwp%2Fv2%2Fcategories&post=10883"},{"taxonomy":"post_tag","embeddable":true,"href":"https:\/\/copades.com\/monec\/index.php?rest_route=%2Fwp%2Fv2%2Ftags&post=10883"}],"curies":[{"name":"wp","href":"https:\/\/api.w.org\/{rel}","templated":true}]}}