{"id":11160,"date":"2014-02-10T16:33:52","date_gmt":"2014-02-10T16:33:52","guid":{"rendered":"http:\/\/copades.com\/monec\/?p=11160"},"modified":"2014-02-10T16:33:52","modified_gmt":"2014-02-10T16:33:52","slug":"plagas-siguen-danando-al-agro","status":"publish","type":"post","link":"https:\/\/copades.com\/monec\/?p=11160","title":{"rendered":"Plagas siguen da\u00f1ando al agro"},"content":{"rendered":"<p style=\"text-align: justify;\">Las plagas que atacan cultivos de caf\u00e9, cardamomo, c\u00edtricos, tomate y mango siguen preocupando al sector agr\u00edcola este a\u00f1o, debido a las p\u00e9rdidas en producci\u00f3n, ingresos y a la posible llegada del <em>fen\u00f3meno de El Ni\u00f1o<\/em>, en agosto pr\u00f3ximo. <strong>Miguel Medina<\/strong>, vicepresidente de la Asociaci\u00f3n Nacional del Caf\u00e9 (ANACAF\u00c9), refiri\u00f3 que del total del parque cafetalero, que comprende 276 mil hect\u00e1reas, \u201cel 70% tiene alg\u00fan nivel de da\u00f1o con roya\u201d. Las \u00e1reas m\u00e1s afectadas son Quetzaltenango, Retalhuleu, Santa Rosa, Solol\u00e1, Suchitep\u00e9quez y Chiquimula. \u201cPara la cosecha 2013-2014 se espera una disminuci\u00f3n de la producci\u00f3n del 7.0% comparado con la anterior 2012-2013\u201d, agreg\u00f3 el ejecutivo. <strong>Medina<\/strong> explic\u00f3 que a pesar de que se aprob\u00f3 la ampliaci\u00f3n del 2016 al 2026 del Fideicomiso del Caf\u00e9, por US$100 millones, \u201ca\u00fan faltan tr\u00e1mites administrativos que impiden que los productores accedan a ese dinero para evitar la propagaci\u00f3n de la roya\u201d. (Prensa Libre 10.02.14)<\/p>\n","protected":false},"excerpt":{"rendered":"<p>Las plagas que atacan cultivos de caf\u00e9, cardamomo, c\u00edtricos, tomate y mango siguen preocupando al sector agr\u00edcola este a\u00f1o, debido a las p\u00e9rdidas en producci\u00f3n, ingresos y a la posible llegada del fen\u00f3meno de&#46;&#46;&#46;<\/p>\n","protected":false},"author":1,"featured_media":0,"comment_status":"open","ping_status":"closed","sticky":false,"template":"","format":"standard","meta":{"footnotes":""},"categories":[24,30],"tags":[251],"class_list":["post-11160","post","type-post","status-publish","format-standard","hentry","category-comercio-exterior","category-exportaciones-de-cafe","tag-anacafe"],"_links":{"self":[{"href":"https:\/\/copades.com\/monec\/index.php?rest_route=\/wp\/v2\/posts\/11160","targetHints":{"allow":["GET"]}}],"collection":[{"href":"https:\/\/copades.com\/monec\/index.php?rest_route=\/wp\/v2\/posts"}],"about":[{"href":"https:\/\/copades.com\/monec\/index.php?rest_route=\/wp\/v2\/types\/post"}],"author":[{"embeddable":true,"href":"https:\/\/copades.com\/monec\/index.php?rest_route=\/wp\/v2\/users\/1"}],"replies":[{"embeddable":true,"href":"https:\/\/copades.com\/monec\/index.php?rest_route=%2Fwp%2Fv2%2Fcomments&post=11160"}],"version-history":[{"count":2,"href":"https:\/\/copades.com\/monec\/index.php?rest_route=\/wp\/v2\/posts\/11160\/revisions"}],"predecessor-version":[{"id":11162,"href":"https:\/\/copades.com\/monec\/index.php?rest_route=\/wp\/v2\/posts\/11160\/revisions\/11162"}],"wp:attachment":[{"href":"https:\/\/copades.com\/monec\/index.php?rest_route=%2Fwp%2Fv2%2Fmedia&parent=11160"}],"wp:term":[{"taxonomy":"category","embeddable":true,"href":"https:\/\/copades.com\/monec\/index.php?rest_route=%2Fwp%2Fv2%2Fcategories&post=11160"},{"taxonomy":"post_tag","embeddable":true,"href":"https:\/\/copades.com\/monec\/index.php?rest_route=%2Fwp%2Fv2%2Ftags&post=11160"}],"curies":[{"name":"wp","href":"https:\/\/api.w.org\/{rel}","templated":true}]}}