{"id":12438,"date":"2014-04-29T17:06:54","date_gmt":"2014-04-29T17:06:54","guid":{"rendered":"http:\/\/copades.com\/monec\/?p=12438"},"modified":"2014-04-29T17:06:54","modified_gmt":"2014-04-29T17:06:54","slug":"guatemala-y-mexico-apuestan-por-union-energetica","status":"publish","type":"post","link":"https:\/\/copades.com\/monec\/?p=12438","title":{"rendered":"Guatemala y M\u00e9xico apuestan por uni\u00f3n energ\u00e9tica"},"content":{"rendered":"<p style=\"text-align: justify;\">Guatemala y M\u00e9xico buscan la integraci\u00f3n energ\u00e9tica y se encaminan hacia la construcci\u00f3n en conjunto de un gasoducto, para lo cual el 30 de abril, se firmar\u00e1 el acuerdo de entendimiento entre la Secretar\u00eda de Energ\u00eda de M\u00e9xico y el Ministerio de Energ\u00eda y Minas guatemalteco. Con esa obra, que tendr\u00e1 una extensi\u00f3n de 600 kil\u00f3metros y unos US$800 millones de inversi\u00f3n, se busca suministrar gas natural tanto a nuestro pa\u00eds como al sur de M\u00e9xico, explic\u00f3 ayer <strong>\u00c9rick Archila<\/strong>, ministro de Energ\u00eda y Minas. Archila indic\u00f3 que el acuerdo fija las bases para impulsar un ambicioso programa de integraci\u00f3n energ\u00e9tica regional. El convenio ser\u00e1 suscrito por los mandatarios <strong>Otto P\u00e9rez Molina<\/strong>, de Guatemala y su hom\u00f3logo mexicano, <strong>Enrique Pe\u00f1a Nieto<\/strong>, en el pa\u00eds vecino. De la longitud del proyecto, 180 kil\u00f3metros le corresponder\u00e1n a Guatemala y, seg\u00fan coment\u00f3 el funcionario, el financiamiento provendr\u00e1 de un pr\u00e9stamo del Banco Interamericano de Desarrollo (BID), monto que ser\u00e1 proporcional seg\u00fan la longitud del gasoducto en cada pa\u00eds. A Guatemala le corresponder\u00eda asumir la responsabilidad de unos US$240 millones. (Prensa Libre 29.04.14)<\/p>\n","protected":false},"excerpt":{"rendered":"<p>Guatemala y M\u00e9xico buscan la integraci\u00f3n energ\u00e9tica y se encaminan hacia la construcci\u00f3n en conjunto de un gasoducto, para lo cual el 30 de abril, se firmar\u00e1 el acuerdo de entendimiento entre la Secretar\u00eda&#46;&#46;&#46;<\/p>\n","protected":false},"author":1,"featured_media":0,"comment_status":"open","ping_status":"closed","sticky":false,"template":"","format":"standard","meta":{"footnotes":""},"categories":[24,36],"tags":[85,87],"class_list":["post-12438","post","type-post","status-publish","format-standard","hentry","category-comercio-exterior","category-tratados-de-libre-comercio","tag-guatemala","tag-mexico"],"_links":{"self":[{"href":"https:\/\/copades.com\/monec\/index.php?rest_route=\/wp\/v2\/posts\/12438","targetHints":{"allow":["GET"]}}],"collection":[{"href":"https:\/\/copades.com\/monec\/index.php?rest_route=\/wp\/v2\/posts"}],"about":[{"href":"https:\/\/copades.com\/monec\/index.php?rest_route=\/wp\/v2\/types\/post"}],"author":[{"embeddable":true,"href":"https:\/\/copades.com\/monec\/index.php?rest_route=\/wp\/v2\/users\/1"}],"replies":[{"embeddable":true,"href":"https:\/\/copades.com\/monec\/index.php?rest_route=%2Fwp%2Fv2%2Fcomments&post=12438"}],"version-history":[{"count":1,"href":"https:\/\/copades.com\/monec\/index.php?rest_route=\/wp\/v2\/posts\/12438\/revisions"}],"predecessor-version":[{"id":12439,"href":"https:\/\/copades.com\/monec\/index.php?rest_route=\/wp\/v2\/posts\/12438\/revisions\/12439"}],"wp:attachment":[{"href":"https:\/\/copades.com\/monec\/index.php?rest_route=%2Fwp%2Fv2%2Fmedia&parent=12438"}],"wp:term":[{"taxonomy":"category","embeddable":true,"href":"https:\/\/copades.com\/monec\/index.php?rest_route=%2Fwp%2Fv2%2Fcategories&post=12438"},{"taxonomy":"post_tag","embeddable":true,"href":"https:\/\/copades.com\/monec\/index.php?rest_route=%2Fwp%2Fv2%2Ftags&post=12438"}],"curies":[{"name":"wp","href":"https:\/\/api.w.org\/{rel}","templated":true}]}}