{"id":12543,"date":"2014-05-05T17:13:40","date_gmt":"2014-05-05T17:13:40","guid":{"rendered":"http:\/\/copades.com\/monec\/?p=12543"},"modified":"2014-05-05T17:13:40","modified_gmt":"2014-05-05T17:13:40","slug":"peru-redujo-su-indice-de-pobreza-en-2013","status":"publish","type":"post","link":"https:\/\/copades.com\/monec\/?p=12543","title":{"rendered":"Per\u00fa redujo su \u00edndice de pobreza en 2013"},"content":{"rendered":"<p style=\"text-align: justify;\">La\u00a0pobreza en el Per\u00fa\u00a0se redujo en el 2013 a 23.90% de la poblaci\u00f3n, luego que en el 2012 la cifra llegara al 25.80%, inform\u00f3 el Instituto Nacional de Estad\u00edstica e Inform\u00e1tica (INEI). De acuerdo con el\u00a0INEI, en cifras absolutas, si bien en el 2012 491,000 personas dejaron de ser pobres en el Per\u00fa el 2013, a\u00fan existen casi 7.3 millones de personas se mantienen en este grupo. En el an\u00e1lisis por \u00e1reas de residencia, la\u00a0zona rural sigue siendo m\u00e1s pobre que la urbana. Mientras que en el \u00e1rea rural la pobreza incidi\u00f3 en el 16.1% de las personas, en la rural el porcentaje se triplica y afecta al 48.0% de sus pobladores. Pese a esta situaci\u00f3n, el\u00a0INEI\u00a0destac\u00f3 que en el \u00e1mbito rural la reducci\u00f3n de la pobreza fue de cinco puntos porcentuales, mientas que en la urbana solo de 0.5 puntos. (El Periodico 05.05.14)<\/p>\n","protected":false},"excerpt":{"rendered":"<p>La\u00a0pobreza en el Per\u00fa\u00a0se redujo en el 2013 a 23.90% de la poblaci\u00f3n, luego que en el 2012 la cifra llegara al 25.80%, inform\u00f3 el Instituto Nacional de Estad\u00edstica e Inform\u00e1tica (INEI). De acuerdo&#46;&#46;&#46;<\/p>\n","protected":false},"author":1,"featured_media":0,"comment_status":"open","ping_status":"closed","sticky":false,"template":"","format":"standard","meta":{"footnotes":""},"categories":[55],"tags":[2140,86],"class_list":["post-12543","post","type-post","status-publish","format-standard","hentry","category-internacionales-seleccion","tag-inei","tag-peru"],"_links":{"self":[{"href":"https:\/\/copades.com\/monec\/index.php?rest_route=\/wp\/v2\/posts\/12543","targetHints":{"allow":["GET"]}}],"collection":[{"href":"https:\/\/copades.com\/monec\/index.php?rest_route=\/wp\/v2\/posts"}],"about":[{"href":"https:\/\/copades.com\/monec\/index.php?rest_route=\/wp\/v2\/types\/post"}],"author":[{"embeddable":true,"href":"https:\/\/copades.com\/monec\/index.php?rest_route=\/wp\/v2\/users\/1"}],"replies":[{"embeddable":true,"href":"https:\/\/copades.com\/monec\/index.php?rest_route=%2Fwp%2Fv2%2Fcomments&post=12543"}],"version-history":[{"count":1,"href":"https:\/\/copades.com\/monec\/index.php?rest_route=\/wp\/v2\/posts\/12543\/revisions"}],"predecessor-version":[{"id":12544,"href":"https:\/\/copades.com\/monec\/index.php?rest_route=\/wp\/v2\/posts\/12543\/revisions\/12544"}],"wp:attachment":[{"href":"https:\/\/copades.com\/monec\/index.php?rest_route=%2Fwp%2Fv2%2Fmedia&parent=12543"}],"wp:term":[{"taxonomy":"category","embeddable":true,"href":"https:\/\/copades.com\/monec\/index.php?rest_route=%2Fwp%2Fv2%2Fcategories&post=12543"},{"taxonomy":"post_tag","embeddable":true,"href":"https:\/\/copades.com\/monec\/index.php?rest_route=%2Fwp%2Fv2%2Ftags&post=12543"}],"curies":[{"name":"wp","href":"https:\/\/api.w.org\/{rel}","templated":true}]}}