{"id":12793,"date":"2014-05-20T18:16:09","date_gmt":"2014-05-20T18:16:09","guid":{"rendered":"http:\/\/copades.com\/monec\/?p=12793"},"modified":"2014-05-20T18:16:09","modified_gmt":"2014-05-20T18:16:09","slug":"guatemala-esta-entre-los-peores-paises-para-trabajar-segun-csi","status":"publish","type":"post","link":"https:\/\/copades.com\/monec\/?p=12793","title":{"rendered":"Guatemala est\u00e1 entre los peores pa\u00edses para trabajar, seg\u00fan CSI"},"content":{"rendered":"<p style=\"text-align: justify;\">Guatemala es uno de los peores pa\u00edses en Am\u00e9rica Latina para trabajar debido a pr\u00e1cticas laborales injustas, seg\u00fan un informe de la Confederaci\u00f3n Sindical\u00a0 Internacional (CSI). El \u00cdndice Global Rights (\u00cdndice de Derechos Laborales), presentado ayer en Berl\u00edn, Alemania,\u00a0 ubica al pa\u00eds y a Colombia como las naciones\u00a0 donde el estado de Derecho se ha roto completamente y da una puntuaci\u00f3n de cinco\u00a0 a Guatemala en la\u00a0\u00a0 tabla, que es la peor calificaci\u00f3n.\u00a0\u201cEn Am\u00e9rica Latina, Guatemala fue uno de los peores lugares para ser un trabajador, sin garant\u00eda de los derechos\u201d, subraya el documento. Entre las principales conclusiones que se destacan para estos pa\u00edses est\u00e1 el arresto o encarcelamiento a trabajadores como una t\u00e1ctica para resistir demandas por los derechos democr\u00e1ticos, salarios decentes, condiciones de trabajo y puestos m\u00e1s seguros. (Prensa Libre 20.05.14)<\/p>\n","protected":false},"excerpt":{"rendered":"<p>Guatemala es uno de los peores pa\u00edses en Am\u00e9rica Latina para trabajar debido a pr\u00e1cticas laborales injustas, seg\u00fan un informe de la Confederaci\u00f3n Sindical\u00a0 Internacional (CSI). El \u00cdndice Global Rights (\u00cdndice de Derechos Laborales),&#46;&#46;&#46;<\/p>\n","protected":false},"author":1,"featured_media":0,"comment_status":"open","ping_status":"closed","sticky":false,"template":"","format":"standard","meta":{"footnotes":""},"categories":[49],"tags":[2173],"class_list":["post-12793","post","type-post","status-publish","format-standard","hentry","category-poblacion-empleos-y-salarios","tag-csi"],"_links":{"self":[{"href":"https:\/\/copades.com\/monec\/index.php?rest_route=\/wp\/v2\/posts\/12793","targetHints":{"allow":["GET"]}}],"collection":[{"href":"https:\/\/copades.com\/monec\/index.php?rest_route=\/wp\/v2\/posts"}],"about":[{"href":"https:\/\/copades.com\/monec\/index.php?rest_route=\/wp\/v2\/types\/post"}],"author":[{"embeddable":true,"href":"https:\/\/copades.com\/monec\/index.php?rest_route=\/wp\/v2\/users\/1"}],"replies":[{"embeddable":true,"href":"https:\/\/copades.com\/monec\/index.php?rest_route=%2Fwp%2Fv2%2Fcomments&post=12793"}],"version-history":[{"count":1,"href":"https:\/\/copades.com\/monec\/index.php?rest_route=\/wp\/v2\/posts\/12793\/revisions"}],"predecessor-version":[{"id":12794,"href":"https:\/\/copades.com\/monec\/index.php?rest_route=\/wp\/v2\/posts\/12793\/revisions\/12794"}],"wp:attachment":[{"href":"https:\/\/copades.com\/monec\/index.php?rest_route=%2Fwp%2Fv2%2Fmedia&parent=12793"}],"wp:term":[{"taxonomy":"category","embeddable":true,"href":"https:\/\/copades.com\/monec\/index.php?rest_route=%2Fwp%2Fv2%2Fcategories&post=12793"},{"taxonomy":"post_tag","embeddable":true,"href":"https:\/\/copades.com\/monec\/index.php?rest_route=%2Fwp%2Fv2%2Ftags&post=12793"}],"curies":[{"name":"wp","href":"https:\/\/api.w.org\/{rel}","templated":true}]}}