{"id":13880,"date":"2014-08-04T16:46:03","date_gmt":"2014-08-04T16:46:03","guid":{"rendered":"http:\/\/copades.com\/monec\/?p=13880"},"modified":"2014-08-04T16:46:03","modified_gmt":"2014-08-04T16:46:03","slug":"costa-rica-lamenta-atraso-en-acuerdo-global-en-la-omc","status":"publish","type":"post","link":"https:\/\/copades.com\/monec\/?p=13880","title":{"rendered":"Costa Rica lamenta atraso en acuerdo global en la OMC"},"content":{"rendered":"<p style=\"text-align: justify;\">El Gobierno de Costa Rica calific\u00f3 como \u201clamentable\u201d que no se aprobara en la Organizaci\u00f3n Mundial del Comercio (OMC) un acuerdo global para la facilitaci\u00f3n del comercio. El ministro costarricense de Comercio Exterior, <strong>Alexander Mora<\/strong>, dijo que su pa\u00eds ha sido \u201cun constante promotor\u201d del acuerdo y destac\u00f3 su \u201cpotencial para reducir las trabas, los costos y los tiempos del comercio\u201d. \u201cEl retraso (en la aprobaci\u00f3n) es lamentable, ya que existiendo consenso entre 159 pa\u00edses, se desaprovech\u00f3 esta oportunidad de adoptar el texto final de un acuerdo que fue avalado en Bali por todos los miembros\u201d, expres\u00f3 <strong>Mora<\/strong>. (Prensa Libre\/El Periodico 04.08.14)<\/p>\n","protected":false},"excerpt":{"rendered":"<p>El Gobierno de Costa Rica calific\u00f3 como \u201clamentable\u201d que no se aprobara en la Organizaci\u00f3n Mundial del Comercio (OMC) un acuerdo global para la facilitaci\u00f3n del comercio. El ministro costarricense de Comercio Exterior, Alexander&#46;&#46;&#46;<\/p>\n","protected":false},"author":1,"featured_media":0,"comment_status":"open","ping_status":"closed","sticky":false,"template":"","format":"standard","meta":{"footnotes":""},"categories":[54],"tags":[258],"class_list":["post-13880","post","type-post","status-publish","format-standard","hentry","category-centroamerica-seleccion","tag-omc"],"_links":{"self":[{"href":"https:\/\/copades.com\/monec\/index.php?rest_route=\/wp\/v2\/posts\/13880","targetHints":{"allow":["GET"]}}],"collection":[{"href":"https:\/\/copades.com\/monec\/index.php?rest_route=\/wp\/v2\/posts"}],"about":[{"href":"https:\/\/copades.com\/monec\/index.php?rest_route=\/wp\/v2\/types\/post"}],"author":[{"embeddable":true,"href":"https:\/\/copades.com\/monec\/index.php?rest_route=\/wp\/v2\/users\/1"}],"replies":[{"embeddable":true,"href":"https:\/\/copades.com\/monec\/index.php?rest_route=%2Fwp%2Fv2%2Fcomments&post=13880"}],"version-history":[{"count":1,"href":"https:\/\/copades.com\/monec\/index.php?rest_route=\/wp\/v2\/posts\/13880\/revisions"}],"predecessor-version":[{"id":13881,"href":"https:\/\/copades.com\/monec\/index.php?rest_route=\/wp\/v2\/posts\/13880\/revisions\/13881"}],"wp:attachment":[{"href":"https:\/\/copades.com\/monec\/index.php?rest_route=%2Fwp%2Fv2%2Fmedia&parent=13880"}],"wp:term":[{"taxonomy":"category","embeddable":true,"href":"https:\/\/copades.com\/monec\/index.php?rest_route=%2Fwp%2Fv2%2Fcategories&post=13880"},{"taxonomy":"post_tag","embeddable":true,"href":"https:\/\/copades.com\/monec\/index.php?rest_route=%2Fwp%2Fv2%2Ftags&post=13880"}],"curies":[{"name":"wp","href":"https:\/\/api.w.org\/{rel}","templated":true}]}}