{"id":14149,"date":"2014-08-20T16:01:08","date_gmt":"2014-08-20T16:01:08","guid":{"rendered":"http:\/\/copades.com\/monec\/?p=14149"},"modified":"2014-08-20T16:01:08","modified_gmt":"2014-08-20T16:01:08","slug":"buscan-avanzar-en-tlc-con-canada","status":"publish","type":"post","link":"https:\/\/copades.com\/monec\/?p=14149","title":{"rendered":"Buscan avanzar en TLC con Canad\u00e1"},"content":{"rendered":"<p style=\"text-align: justify;\">En septiembre, se podr\u00eda programar una reuni\u00f3n con los negociadores del Tratado de Libre Comercio (TLC) de Canad\u00e1, para intentar alcanzar un acuerdo en los temas sensibles que est\u00e1n pendientes. <strong>Mar\u00eda Luisa Flores<\/strong>, viceministra de Comercio Exterior, dijo que a finales de 2013 se entreg\u00f3 una propuesta de cierre, que incluy\u00f3 los puntos en los que existe divergencia como el az\u00facar, carne bovina, porcina y el cap\u00edtulo de soluci\u00f3n de controversias. Existe el inter\u00e9s de cerrar este tratado que se negocia desde hace m\u00e1s de una d\u00e9cada y por parte de Canad\u00e1 se tiene la intenci\u00f3n de acelerar y concluir varios acuerdos que se han retrasado, agreg\u00f3 la funcionaria. (El Periodico 20.08.14)<\/p>\n","protected":false},"excerpt":{"rendered":"<p>En septiembre, se podr\u00eda programar una reuni\u00f3n con los negociadores del Tratado de Libre Comercio (TLC) de Canad\u00e1, para intentar alcanzar un acuerdo en los temas sensibles que est\u00e1n pendientes. Mar\u00eda Luisa Flores, viceministra&#46;&#46;&#46;<\/p>\n","protected":false},"author":1,"featured_media":0,"comment_status":"open","ping_status":"closed","sticky":false,"template":"","format":"standard","meta":{"footnotes":""},"categories":[24,36],"tags":[63],"class_list":["post-14149","post","type-post","status-publish","format-standard","hentry","category-comercio-exterior","category-tratados-de-libre-comercio","tag-tlc"],"_links":{"self":[{"href":"https:\/\/copades.com\/monec\/index.php?rest_route=\/wp\/v2\/posts\/14149","targetHints":{"allow":["GET"]}}],"collection":[{"href":"https:\/\/copades.com\/monec\/index.php?rest_route=\/wp\/v2\/posts"}],"about":[{"href":"https:\/\/copades.com\/monec\/index.php?rest_route=\/wp\/v2\/types\/post"}],"author":[{"embeddable":true,"href":"https:\/\/copades.com\/monec\/index.php?rest_route=\/wp\/v2\/users\/1"}],"replies":[{"embeddable":true,"href":"https:\/\/copades.com\/monec\/index.php?rest_route=%2Fwp%2Fv2%2Fcomments&post=14149"}],"version-history":[{"count":1,"href":"https:\/\/copades.com\/monec\/index.php?rest_route=\/wp\/v2\/posts\/14149\/revisions"}],"predecessor-version":[{"id":14150,"href":"https:\/\/copades.com\/monec\/index.php?rest_route=\/wp\/v2\/posts\/14149\/revisions\/14150"}],"wp:attachment":[{"href":"https:\/\/copades.com\/monec\/index.php?rest_route=%2Fwp%2Fv2%2Fmedia&parent=14149"}],"wp:term":[{"taxonomy":"category","embeddable":true,"href":"https:\/\/copades.com\/monec\/index.php?rest_route=%2Fwp%2Fv2%2Fcategories&post=14149"},{"taxonomy":"post_tag","embeddable":true,"href":"https:\/\/copades.com\/monec\/index.php?rest_route=%2Fwp%2Fv2%2Ftags&post=14149"}],"curies":[{"name":"wp","href":"https:\/\/api.w.org\/{rel}","templated":true}]}}