{"id":14263,"date":"2014-08-28T15:33:09","date_gmt":"2014-08-28T15:33:09","guid":{"rendered":"http:\/\/copades.com\/monec\/?p=14263"},"modified":"2014-08-28T15:33:09","modified_gmt":"2014-08-28T15:33:09","slug":"las-catastrofes-dejan-perdidas-economicas","status":"publish","type":"post","link":"https:\/\/copades.com\/monec\/?p=14263","title":{"rendered":"Las cat\u00e1strofes dejan p\u00e9rdidas econ\u00f3micas"},"content":{"rendered":"<p style=\"text-align: justify;\">Las p\u00e9rdidas econ\u00f3micas que dejaron los desastres y las cat\u00e1strofes naturales en el primer semestre del a\u00f1o se elevaron a US$44 mil millones (Q341,440 millones), seg\u00fan c\u00e1lculos preliminares divulgados el 27 de agosto por la compa\u00f1\u00eda reaseguradora helv\u00e9tica <em>Swiss Re<\/em>. En los primeros 6 meses de 2014, el monto de los destrozos cubiertos por los seguros en el mundo fue de US$21 mil millones (Q162,960 millones), frente a los US$25 mil millones (Q194 mil millones) registrados en el mismo per\u00edodo del pasado a\u00f1o, detalla el grupo suizo. Este dato es tambi\u00e9n inferior a la media registrada en el primer semestre en los pasados 10 a\u00f1os, que era de US$27 mil millones (Q209,520 millones), precisa Swiss Re en su estudio Sigma, una publicaci\u00f3n de referencia para el sector de las aseguradoras. (Diario de Centroamerica 28.08.14)<\/p>\n","protected":false},"excerpt":{"rendered":"<p>Las p\u00e9rdidas econ\u00f3micas que dejaron los desastres y las cat\u00e1strofes naturales en el primer semestre del a\u00f1o se elevaron a US$44 mil millones (Q341,440 millones), seg\u00fan c\u00e1lculos preliminares divulgados el 27 de agosto por&#46;&#46;&#46;<\/p>\n","protected":false},"author":1,"featured_media":0,"comment_status":"open","ping_status":"closed","sticky":false,"template":"","format":"standard","meta":{"footnotes":""},"categories":[55],"tags":[2345,2346],"class_list":["post-14263","post","type-post","status-publish","format-standard","hentry","category-internacionales-seleccion","tag-desastres-y-las-catastrofes-naturales","tag-perdidas-economicas"],"_links":{"self":[{"href":"https:\/\/copades.com\/monec\/index.php?rest_route=\/wp\/v2\/posts\/14263","targetHints":{"allow":["GET"]}}],"collection":[{"href":"https:\/\/copades.com\/monec\/index.php?rest_route=\/wp\/v2\/posts"}],"about":[{"href":"https:\/\/copades.com\/monec\/index.php?rest_route=\/wp\/v2\/types\/post"}],"author":[{"embeddable":true,"href":"https:\/\/copades.com\/monec\/index.php?rest_route=\/wp\/v2\/users\/1"}],"replies":[{"embeddable":true,"href":"https:\/\/copades.com\/monec\/index.php?rest_route=%2Fwp%2Fv2%2Fcomments&post=14263"}],"version-history":[{"count":1,"href":"https:\/\/copades.com\/monec\/index.php?rest_route=\/wp\/v2\/posts\/14263\/revisions"}],"predecessor-version":[{"id":14264,"href":"https:\/\/copades.com\/monec\/index.php?rest_route=\/wp\/v2\/posts\/14263\/revisions\/14264"}],"wp:attachment":[{"href":"https:\/\/copades.com\/monec\/index.php?rest_route=%2Fwp%2Fv2%2Fmedia&parent=14263"}],"wp:term":[{"taxonomy":"category","embeddable":true,"href":"https:\/\/copades.com\/monec\/index.php?rest_route=%2Fwp%2Fv2%2Fcategories&post=14263"},{"taxonomy":"post_tag","embeddable":true,"href":"https:\/\/copades.com\/monec\/index.php?rest_route=%2Fwp%2Fv2%2Ftags&post=14263"}],"curies":[{"name":"wp","href":"https:\/\/api.w.org\/{rel}","templated":true}]}}