{"id":14276,"date":"2014-08-29T15:48:40","date_gmt":"2014-08-29T15:48:40","guid":{"rendered":"http:\/\/copades.com\/monec\/?p=14276"},"modified":"2014-08-29T15:48:40","modified_gmt":"2014-08-29T15:48:40","slug":"sector-trabajador-propone-salario-minimo-de-q125-diarios","status":"publish","type":"post","link":"https:\/\/copades.com\/monec\/?p=14276","title":{"rendered":"Sector trabajador propone salario m\u00ednimo de Q125 diarios"},"content":{"rendered":"<p style=\"text-align: justify;\">Los representantes de los trabajadores ante las comisiones paritarias del salario presentaron el 28 de agosto la propuesta de aumentar el m\u00ednimo a Q125 diarios, lo que significar\u00eda un pago mensual de Q3,802 para 2015. Al sumar\u00a0 la bonificaci\u00f3n base de Q250, este ascender\u00eda a\u00a0\u00a0 Q4,052. El monto est\u00e1 por\u00a0\u00a0 por encima del salario m\u00ednimo actual, de\u00a0 Q2,530 y del costo de la canasta b\u00e1sica alimentaria,\u00a0 de Q3,039. <strong>C\u00e9sar Guerra<\/strong>, representante de los trabajadores en la comisi\u00f3n paritaria agr\u00edcola, el aumento es necesario para enfrentar el constante aumento de los alimentos, energ\u00eda, vivienda y vestuario. Los sindicalistas adem\u00e1s propusieron que la fijaci\u00f3n del salario m\u00ednimo sea general, puesto que en la actualidad, la actividad de maquila y exportaci\u00f3n tienen un m\u00ednimo diferenciado. (Prensa Libre\/Siglo XXI\/El Periodico 29.08.14)<\/p>\n","protected":false},"excerpt":{"rendered":"<p>Los representantes de los trabajadores ante las comisiones paritarias del salario presentaron el 28 de agosto la propuesta de aumentar el m\u00ednimo a Q125 diarios, lo que significar\u00eda un pago mensual de Q3,802 para&#46;&#46;&#46;<\/p>\n","protected":false},"author":1,"featured_media":0,"comment_status":"open","ping_status":"closed","sticky":false,"template":"","format":"standard","meta":{"footnotes":""},"categories":[49],"tags":[2348],"class_list":["post-14276","post","type-post","status-publish","format-standard","hentry","category-poblacion-empleos-y-salarios","tag-comisiones-paritarias-del-salario"],"_links":{"self":[{"href":"https:\/\/copades.com\/monec\/index.php?rest_route=\/wp\/v2\/posts\/14276","targetHints":{"allow":["GET"]}}],"collection":[{"href":"https:\/\/copades.com\/monec\/index.php?rest_route=\/wp\/v2\/posts"}],"about":[{"href":"https:\/\/copades.com\/monec\/index.php?rest_route=\/wp\/v2\/types\/post"}],"author":[{"embeddable":true,"href":"https:\/\/copades.com\/monec\/index.php?rest_route=\/wp\/v2\/users\/1"}],"replies":[{"embeddable":true,"href":"https:\/\/copades.com\/monec\/index.php?rest_route=%2Fwp%2Fv2%2Fcomments&post=14276"}],"version-history":[{"count":1,"href":"https:\/\/copades.com\/monec\/index.php?rest_route=\/wp\/v2\/posts\/14276\/revisions"}],"predecessor-version":[{"id":14277,"href":"https:\/\/copades.com\/monec\/index.php?rest_route=\/wp\/v2\/posts\/14276\/revisions\/14277"}],"wp:attachment":[{"href":"https:\/\/copades.com\/monec\/index.php?rest_route=%2Fwp%2Fv2%2Fmedia&parent=14276"}],"wp:term":[{"taxonomy":"category","embeddable":true,"href":"https:\/\/copades.com\/monec\/index.php?rest_route=%2Fwp%2Fv2%2Fcategories&post=14276"},{"taxonomy":"post_tag","embeddable":true,"href":"https:\/\/copades.com\/monec\/index.php?rest_route=%2Fwp%2Fv2%2Ftags&post=14276"}],"curies":[{"name":"wp","href":"https:\/\/api.w.org\/{rel}","templated":true}]}}