{"id":14546,"date":"2014-09-17T17:47:10","date_gmt":"2014-09-17T17:47:10","guid":{"rendered":"http:\/\/copades.com\/monec\/?p=14546"},"modified":"2014-09-17T17:47:10","modified_gmt":"2014-09-17T17:47:10","slug":"moodys-baja-calificacion-a-costa-rica","status":"publish","type":"post","link":"https:\/\/copades.com\/monec\/?p=14546","title":{"rendered":"Moody&#8217;s baja calificaci\u00f3n a Costa Rica"},"content":{"rendered":"<p style=\"text-align: justify;\">La firma calificadora de riesgo Moody&#8217;s anunci\u00f3 este 16 de septiembre que rebaj\u00f3 la calificaci\u00f3n de bonos del Gobierno de Costa Rica a Ba1 desde Baa3. La perspectiva ahora estable. Con este cambio, el pa\u00eds pierde el\u00a0grado de inversi\u00f3n obtenido hace cuatro a\u00f1os. La acci\u00f3n de la calificadora se respalda en varios factores, entre estos, una debilidad institucional que se traduce en obst\u00e1culos pol\u00edticos a una reforma fiscal integral. Tambi\u00e9n en la postergaci\u00f3n de una decisi\u00f3n definitiva por parte del actual Gobierno. \u00abLa nueva administraci\u00f3n de Sol\u00eds, que asumi\u00f3 el cargo en mayo de este a\u00f1o, ha indicado que s\u00f3lo introducir\u00e1 gradualmente proyectos de consolidaci\u00f3n fiscal\u00bb, cita la agencia. Como consecuencia de la falta de acciones, Moody&#8217;s espera que el d\u00e9ficit fiscal y la carga de la deuda contin\u00fae en los pr\u00f3ximos a\u00f1os. (Prensa Libre\/El Periodico 17.09.14)<\/p>\n","protected":false},"excerpt":{"rendered":"<p>La firma calificadora de riesgo Moody&#8217;s anunci\u00f3 este 16 de septiembre que rebaj\u00f3 la calificaci\u00f3n de bonos del Gobierno de Costa Rica a Ba1 desde Baa3. La perspectiva ahora estable. Con este cambio, el&#46;&#46;&#46;<\/p>\n","protected":false},"author":1,"featured_media":0,"comment_status":"open","ping_status":"closed","sticky":false,"template":"","format":"standard","meta":{"footnotes":""},"categories":[54],"tags":[283],"class_list":["post-14546","post","type-post","status-publish","format-standard","hentry","category-centroamerica-seleccion","tag-moodys"],"_links":{"self":[{"href":"https:\/\/copades.com\/monec\/index.php?rest_route=\/wp\/v2\/posts\/14546","targetHints":{"allow":["GET"]}}],"collection":[{"href":"https:\/\/copades.com\/monec\/index.php?rest_route=\/wp\/v2\/posts"}],"about":[{"href":"https:\/\/copades.com\/monec\/index.php?rest_route=\/wp\/v2\/types\/post"}],"author":[{"embeddable":true,"href":"https:\/\/copades.com\/monec\/index.php?rest_route=\/wp\/v2\/users\/1"}],"replies":[{"embeddable":true,"href":"https:\/\/copades.com\/monec\/index.php?rest_route=%2Fwp%2Fv2%2Fcomments&post=14546"}],"version-history":[{"count":1,"href":"https:\/\/copades.com\/monec\/index.php?rest_route=\/wp\/v2\/posts\/14546\/revisions"}],"predecessor-version":[{"id":14547,"href":"https:\/\/copades.com\/monec\/index.php?rest_route=\/wp\/v2\/posts\/14546\/revisions\/14547"}],"wp:attachment":[{"href":"https:\/\/copades.com\/monec\/index.php?rest_route=%2Fwp%2Fv2%2Fmedia&parent=14546"}],"wp:term":[{"taxonomy":"category","embeddable":true,"href":"https:\/\/copades.com\/monec\/index.php?rest_route=%2Fwp%2Fv2%2Fcategories&post=14546"},{"taxonomy":"post_tag","embeddable":true,"href":"https:\/\/copades.com\/monec\/index.php?rest_route=%2Fwp%2Fv2%2Ftags&post=14546"}],"curies":[{"name":"wp","href":"https:\/\/api.w.org\/{rel}","templated":true}]}}