{"id":15203,"date":"2014-10-27T16:22:14","date_gmt":"2014-10-27T16:22:14","guid":{"rendered":"http:\/\/copades.com\/monec\/?p=15203"},"modified":"2014-10-27T16:22:14","modified_gmt":"2014-10-27T16:22:14","slug":"fao-pide-a-el-salvador-acelerar-aprobacion-de-ley","status":"publish","type":"post","link":"https:\/\/copades.com\/monec\/?p=15203","title":{"rendered":"FAO pide a El Salvador acelerar aprobaci\u00f3n de ley"},"content":{"rendered":"<p style=\"text-align: justify;\">La FAO reiter\u00f3 hoy su llamado al Parlamento de El Salvador para que \u201cacelere el proceso\u201d\u00a0 para la aprobaci\u00f3n de la Ley de Soberan\u00eda y Seguridad Alimentaria, cuyo anteproyecto fue presentado el 16 de octubre del a\u00f1o. \u201cNuestro llamado es a que se acelere el proceso de discusi\u00f3n y de aprobaci\u00f3n de la Ley de Soberan\u00eda y Seguridad Alimentaria en el pa\u00eds\u201d, dijo el 27 de octubre el representante de la Organizaci\u00f3n de las Naciones Unidas para la Agricultura y la Alimentaci\u00f3n\u00a0 (FAO) en El Salvador, <strong>Alan Gonz\u00e1lez<\/strong>. El Salvador ha tenido una importante reducci\u00f3n de la subnutrici\u00f3n, \u201cya que pas\u00f3 de un 16.20% a 13.50% de personas en estado de subnutrici\u00f3n\u201d, entre 1990 y 2014, afirm\u00f3 <strong>Gonz\u00e1lez<\/strong>, en ese entonces. (Prensa Libre 27.10.14)<\/p>\n","protected":false},"excerpt":{"rendered":"<p>La FAO reiter\u00f3 hoy su llamado al Parlamento de El Salvador para que \u201cacelere el proceso\u201d\u00a0 para la aprobaci\u00f3n de la Ley de Soberan\u00eda y Seguridad Alimentaria, cuyo anteproyecto fue presentado el 16 de&#46;&#46;&#46;<\/p>\n","protected":false},"author":1,"featured_media":0,"comment_status":"open","ping_status":"closed","sticky":false,"template":"","format":"standard","meta":{"footnotes":""},"categories":[54],"tags":[82],"class_list":["post-15203","post","type-post","status-publish","format-standard","hentry","category-centroamerica-seleccion","tag-fao"],"_links":{"self":[{"href":"https:\/\/copades.com\/monec\/index.php?rest_route=\/wp\/v2\/posts\/15203","targetHints":{"allow":["GET"]}}],"collection":[{"href":"https:\/\/copades.com\/monec\/index.php?rest_route=\/wp\/v2\/posts"}],"about":[{"href":"https:\/\/copades.com\/monec\/index.php?rest_route=\/wp\/v2\/types\/post"}],"author":[{"embeddable":true,"href":"https:\/\/copades.com\/monec\/index.php?rest_route=\/wp\/v2\/users\/1"}],"replies":[{"embeddable":true,"href":"https:\/\/copades.com\/monec\/index.php?rest_route=%2Fwp%2Fv2%2Fcomments&post=15203"}],"version-history":[{"count":1,"href":"https:\/\/copades.com\/monec\/index.php?rest_route=\/wp\/v2\/posts\/15203\/revisions"}],"predecessor-version":[{"id":15204,"href":"https:\/\/copades.com\/monec\/index.php?rest_route=\/wp\/v2\/posts\/15203\/revisions\/15204"}],"wp:attachment":[{"href":"https:\/\/copades.com\/monec\/index.php?rest_route=%2Fwp%2Fv2%2Fmedia&parent=15203"}],"wp:term":[{"taxonomy":"category","embeddable":true,"href":"https:\/\/copades.com\/monec\/index.php?rest_route=%2Fwp%2Fv2%2Fcategories&post=15203"},{"taxonomy":"post_tag","embeddable":true,"href":"https:\/\/copades.com\/monec\/index.php?rest_route=%2Fwp%2Fv2%2Ftags&post=15203"}],"curies":[{"name":"wp","href":"https:\/\/api.w.org\/{rel}","templated":true}]}}