{"id":16107,"date":"2014-12-22T16:40:30","date_gmt":"2014-12-22T16:40:30","guid":{"rendered":"http:\/\/copades.com\/monec\/?p=16107"},"modified":"2015-01-13T16:43:11","modified_gmt":"2015-01-13T16:43:11","slug":"disminuye-demanda-de-credito-bancario-al-sector-privado-en-2014","status":"publish","type":"post","link":"https:\/\/copades.com\/monec\/?p=16107","title":{"rendered":"Disminuye demanda de cr\u00e9dito bancario al sector privado en 2014"},"content":{"rendered":"<p style=\"text-align: justify;\">El titular del banco central, <strong>Julio Su\u00e1rez<\/strong>, se\u00f1al\u00f3 durante una reuni\u00f3n de Gabinete Econ\u00f3mico con el Ejecutivo, que tuvo lugar el pasado 11 de diciembre ,que se report\u00f3 un desarrollo del cr\u00e9dito bancario al sector privado de 8.70% y que estiman que en 2014 se situ\u00e9 en 8.0%. El Banco de Guatemala reporta, con datos actualizados hasta noviembre reci\u00e9n pasado, que el cr\u00e9dito bancario al sector privado se situ\u00f3 en Q150,233.3 millones (Q51,583.5 millones en moneda extranjera y Q98,649.8 millones en nacional). En 2013 el cr\u00e9dito al sector privado creci\u00f3 12% al reportar Q140,158.7 millones, en tanto que en 2012 fue de 17.70% (Q125,175.5 millones). (Siglo XXI 22.12.14)<\/p>\n","protected":false},"excerpt":{"rendered":"<p>El titular del banco central, Julio Su\u00e1rez, se\u00f1al\u00f3 durante una reuni\u00f3n de Gabinete Econ\u00f3mico con el Ejecutivo, que tuvo lugar el pasado 11 de diciembre ,que se report\u00f3 un desarrollo del cr\u00e9dito bancario al&#46;&#46;&#46;<\/p>\n","protected":false},"author":1,"featured_media":0,"comment_status":"open","ping_status":"closed","sticky":false,"template":"","format":"standard","meta":{"footnotes":""},"categories":[3],"tags":[2566],"class_list":["post-16107","post","type-post","status-publish","format-standard","hentry","category-actividad-financiera","tag-gabinete-economico-con-el-ejecutivo"],"_links":{"self":[{"href":"https:\/\/copades.com\/monec\/index.php?rest_route=\/wp\/v2\/posts\/16107","targetHints":{"allow":["GET"]}}],"collection":[{"href":"https:\/\/copades.com\/monec\/index.php?rest_route=\/wp\/v2\/posts"}],"about":[{"href":"https:\/\/copades.com\/monec\/index.php?rest_route=\/wp\/v2\/types\/post"}],"author":[{"embeddable":true,"href":"https:\/\/copades.com\/monec\/index.php?rest_route=\/wp\/v2\/users\/1"}],"replies":[{"embeddable":true,"href":"https:\/\/copades.com\/monec\/index.php?rest_route=%2Fwp%2Fv2%2Fcomments&post=16107"}],"version-history":[{"count":1,"href":"https:\/\/copades.com\/monec\/index.php?rest_route=\/wp\/v2\/posts\/16107\/revisions"}],"predecessor-version":[{"id":16108,"href":"https:\/\/copades.com\/monec\/index.php?rest_route=\/wp\/v2\/posts\/16107\/revisions\/16108"}],"wp:attachment":[{"href":"https:\/\/copades.com\/monec\/index.php?rest_route=%2Fwp%2Fv2%2Fmedia&parent=16107"}],"wp:term":[{"taxonomy":"category","embeddable":true,"href":"https:\/\/copades.com\/monec\/index.php?rest_route=%2Fwp%2Fv2%2Fcategories&post=16107"},{"taxonomy":"post_tag","embeddable":true,"href":"https:\/\/copades.com\/monec\/index.php?rest_route=%2Fwp%2Fv2%2Ftags&post=16107"}],"curies":[{"name":"wp","href":"https:\/\/api.w.org\/{rel}","templated":true}]}}