{"id":16340,"date":"2015-01-09T21:58:27","date_gmt":"2015-01-09T21:58:27","guid":{"rendered":"http:\/\/copades.com\/monec\/?p=16340"},"modified":"2015-01-13T21:59:33","modified_gmt":"2015-01-13T21:59:33","slug":"aduanas-y-controles-son-desafios-para-sat","status":"publish","type":"post","link":"https:\/\/copades.com\/monec\/?p=16340","title":{"rendered":"Aduanas y controles son desaf\u00edos para SAT"},"content":{"rendered":"<p style=\"text-align: justify;\">Alcanzar la meta de recaudaci\u00f3n\u00a0 para este ejercicio fiscal y que no logr\u00f3 <strong>Carlos Mu\u00f1oz<\/strong> en los \u00faltimos dos a\u00f1os, raz\u00f3n por la que\u00a0 fue destituido por el presidente <strong>Otto P\u00e9rez Molina<\/strong> el\u00a0 lunes reci\u00e9n pasado, es el reto m\u00e1s importante que deber\u00e1\u00a0 enfrentar el nuevo jefe de la\u00a0 Superintendencia de Administraci\u00f3n Tributaria (SAT). Analistas en el tema aseguran que trat\u00e1ndose del \u00faltimo a\u00f1o\u00a0 de gobierno del Partido Patriota y que no ha logrado alcanzar el monto programado, el 2015 ser\u00e1 un a\u00f1o dif\u00edcil y la SAT deber\u00e1\u00a0 revertir esa tendencia. <strong>Juan Carlos Paredes<\/strong>, consultor tributario, afirm\u00f3\u00a0 ayer que en primera l\u00ednea se debe\u00a0 evaluar la capacidad de los intendentes\u00a0 y hacer una revisi\u00f3n en las \u00e1reas\u00a0 de Fiscalizaci\u00f3n y Aduanas, donde se\u00a0 refleja las debilidad en la recaudaci\u00f3n.\u00a0<span style=\"text-align: justify;\">Adem\u00e1s de desarrollar una estrategia del comportamiento de los impuestos sobre\u00a0 la renta e IVA,\u00a0 importaciones, y proponer cambios en el Directorio.(Prensa Libre 09.01.15)\u00a0<\/span><\/p>\n","protected":false},"excerpt":{"rendered":"<p>Alcanzar la meta de recaudaci\u00f3n\u00a0 para este ejercicio fiscal y que no logr\u00f3 Carlos Mu\u00f1oz en los \u00faltimos dos a\u00f1os, raz\u00f3n por la que\u00a0 fue destituido por el presidente Otto P\u00e9rez Molina el\u00a0 lunes&#46;&#46;&#46;<\/p>\n","protected":false},"author":1,"featured_media":0,"comment_status":"open","ping_status":"closed","sticky":false,"template":"","format":"standard","meta":{"footnotes":""},"categories":[41,39],"tags":[79],"class_list":["post-16340","post","type-post","status-publish","format-standard","hentry","category-finanzas-publicas","category-sector-publico","tag-sat"],"_links":{"self":[{"href":"https:\/\/copades.com\/monec\/index.php?rest_route=\/wp\/v2\/posts\/16340","targetHints":{"allow":["GET"]}}],"collection":[{"href":"https:\/\/copades.com\/monec\/index.php?rest_route=\/wp\/v2\/posts"}],"about":[{"href":"https:\/\/copades.com\/monec\/index.php?rest_route=\/wp\/v2\/types\/post"}],"author":[{"embeddable":true,"href":"https:\/\/copades.com\/monec\/index.php?rest_route=\/wp\/v2\/users\/1"}],"replies":[{"embeddable":true,"href":"https:\/\/copades.com\/monec\/index.php?rest_route=%2Fwp%2Fv2%2Fcomments&post=16340"}],"version-history":[{"count":1,"href":"https:\/\/copades.com\/monec\/index.php?rest_route=\/wp\/v2\/posts\/16340\/revisions"}],"predecessor-version":[{"id":16341,"href":"https:\/\/copades.com\/monec\/index.php?rest_route=\/wp\/v2\/posts\/16340\/revisions\/16341"}],"wp:attachment":[{"href":"https:\/\/copades.com\/monec\/index.php?rest_route=%2Fwp%2Fv2%2Fmedia&parent=16340"}],"wp:term":[{"taxonomy":"category","embeddable":true,"href":"https:\/\/copades.com\/monec\/index.php?rest_route=%2Fwp%2Fv2%2Fcategories&post=16340"},{"taxonomy":"post_tag","embeddable":true,"href":"https:\/\/copades.com\/monec\/index.php?rest_route=%2Fwp%2Fv2%2Ftags&post=16340"}],"curies":[{"name":"wp","href":"https:\/\/api.w.org\/{rel}","templated":true}]}}