{"id":1644,"date":"2012-03-14T15:12:06","date_gmt":"2012-03-14T15:12:06","guid":{"rendered":"http:\/\/copades.com\/monec\/?p=1644"},"modified":"2012-03-14T15:12:06","modified_gmt":"2012-03-14T15:12:06","slug":"paquete-de-leyes-genera-dudas-a-analistas","status":"publish","type":"post","link":"https:\/\/copades.com\/monec\/?p=1644","title":{"rendered":"Paquete de leyes genera dudas a analistas"},"content":{"rendered":"<p style=\"text-align: justify;\">Analistas consideran un error de la bancada oficialista tratar de aprobar el paquete de leyes de urgencia nacional, ya que coinciden en que debe ser discutido y presentado a la sociedad. El Ejecutivo present\u00f3 dos iniciativas de ley, que en conjunto tienen m\u00e1s de 420 art\u00edculos con las modificaciones a siete leyes y crean cuatro nuevas. Aunque el Gobierno se\u00f1ala que es un paquete de transparencia, figuran t\u00f3picos que han generado suspicacia entre analistas, como la disminuci\u00f3n del 300.0% de las sanciones m\u00e1ximas a faltas que impone la Contralor\u00eda General de Cuentas (CGC) y tambi\u00e9n una reducci\u00f3n en los ingresos de esta entidad. \u201cEs necesario que haya una discusi\u00f3n y que el Congreso demuestre su voluntad con la creaci\u00f3n de una comisi\u00f3n espec\u00edfica de gente que conozca y pueda conocer el tema de manera amplia y profunda\u201d, asever\u00f3 el polit\u00f3logo <strong>Renzo Rosal<\/strong>. (Prensa Libre 14.03.12)<\/p>\n","protected":false},"excerpt":{"rendered":"<p>Analistas consideran un error de la bancada oficialista tratar de aprobar el paquete de leyes de urgencia nacional, ya que coinciden en que debe ser discutido y presentado a la sociedad. El Ejecutivo present\u00f3&#46;&#46;&#46;<\/p>\n","protected":false},"author":1,"featured_media":0,"comment_status":"open","ping_status":"closed","sticky":false,"template":"","format":"standard","meta":{"footnotes":""},"categories":[4],"tags":[332],"class_list":["post-1644","post","type-post","status-publish","format-standard","hentry","category-actividad-legislativa","tag-cgc"],"_links":{"self":[{"href":"https:\/\/copades.com\/monec\/index.php?rest_route=\/wp\/v2\/posts\/1644","targetHints":{"allow":["GET"]}}],"collection":[{"href":"https:\/\/copades.com\/monec\/index.php?rest_route=\/wp\/v2\/posts"}],"about":[{"href":"https:\/\/copades.com\/monec\/index.php?rest_route=\/wp\/v2\/types\/post"}],"author":[{"embeddable":true,"href":"https:\/\/copades.com\/monec\/index.php?rest_route=\/wp\/v2\/users\/1"}],"replies":[{"embeddable":true,"href":"https:\/\/copades.com\/monec\/index.php?rest_route=%2Fwp%2Fv2%2Fcomments&post=1644"}],"version-history":[{"count":1,"href":"https:\/\/copades.com\/monec\/index.php?rest_route=\/wp\/v2\/posts\/1644\/revisions"}],"predecessor-version":[{"id":1645,"href":"https:\/\/copades.com\/monec\/index.php?rest_route=\/wp\/v2\/posts\/1644\/revisions\/1645"}],"wp:attachment":[{"href":"https:\/\/copades.com\/monec\/index.php?rest_route=%2Fwp%2Fv2%2Fmedia&parent=1644"}],"wp:term":[{"taxonomy":"category","embeddable":true,"href":"https:\/\/copades.com\/monec\/index.php?rest_route=%2Fwp%2Fv2%2Fcategories&post=1644"},{"taxonomy":"post_tag","embeddable":true,"href":"https:\/\/copades.com\/monec\/index.php?rest_route=%2Fwp%2Fv2%2Ftags&post=1644"}],"curies":[{"name":"wp","href":"https:\/\/api.w.org\/{rel}","templated":true}]}}