{"id":16620,"date":"2015-01-26T18:46:40","date_gmt":"2015-01-26T18:46:40","guid":{"rendered":"http:\/\/copades.com\/monec\/?p=16620"},"modified":"2015-01-26T18:46:40","modified_gmt":"2015-01-26T18:46:40","slug":"congreso-erogo-q864-mil-en-viajes","status":"publish","type":"post","link":"https:\/\/copades.com\/monec\/?p=16620","title":{"rendered":"Congreso erog\u00f3 Q864 mil en viajes"},"content":{"rendered":"<p style=\"text-align: justify;\">El Congreso erog\u00f3 Q864,932.55 en el 2014 para financiar 62 viajes que realizaron 34 diputados a diversas partes del mundo, seg\u00fan se evidencia en los informes cuatrimestrales de ese organismo del Estado. El viaje en el que m\u00e1s se gast\u00f3 fue\u00a0 uno efectuado a Ginebra, Suiza, por <strong>Jorge Mario Barrios Falla<\/strong>, diputado de Libertad Democr\u00e1tica Renovada (L\u00edder),\u00a0 cuando fungi\u00f3 como segundo vicepresidente del Legislativo, por el que se erogaron Q41 mil 11.45. Seg\u00fan el registro del primer informe cuatrimestral, adem\u00e1s de los vi\u00e1ticos, el boleto a\u00e9reo\u00a0\u00a0\u00a0 tuvo un costo de Q12 mil 536.40. <strong>Barrios Falla<\/strong>\u00a0 no fue el \u00fanico que viaj\u00f3 a Ginebra, Suiza, tambi\u00e9n acudieron los diputados de Todos <strong>Roberto Kestler<\/strong> y <strong>Christian Boussinot<\/strong>, quienes erogaron Q60 mil 676.94 entre ambos. Seg\u00fan\u00a0 el expresidente del Congreso <strong>Ar\u00edstides Crespo<\/strong>, los diputados que viajaron durante su administraci\u00f3n contaban con una invitaci\u00f3n del\u00a0 pa\u00eds o de la entidad\u00a0 donde efectuaron\u00a0 la visita, y entregaron un informe de\u00a0 resultados. (Prensa Libre 26.01.15)<\/p>\n","protected":false},"excerpt":{"rendered":"<p>El Congreso erog\u00f3 Q864,932.55 en el 2014 para financiar 62 viajes que realizaron 34 diputados a diversas partes del mundo, seg\u00fan se evidencia en los informes cuatrimestrales de ese organismo del Estado. El viaje&#46;&#46;&#46;<\/p>\n","protected":false},"author":1,"featured_media":0,"comment_status":"open","ping_status":"closed","sticky":false,"template":"","format":"standard","meta":{"footnotes":""},"categories":[41,39],"tags":[523],"class_list":["post-16620","post","type-post","status-publish","format-standard","hentry","category-finanzas-publicas","category-sector-publico","tag-congreso"],"_links":{"self":[{"href":"https:\/\/copades.com\/monec\/index.php?rest_route=\/wp\/v2\/posts\/16620","targetHints":{"allow":["GET"]}}],"collection":[{"href":"https:\/\/copades.com\/monec\/index.php?rest_route=\/wp\/v2\/posts"}],"about":[{"href":"https:\/\/copades.com\/monec\/index.php?rest_route=\/wp\/v2\/types\/post"}],"author":[{"embeddable":true,"href":"https:\/\/copades.com\/monec\/index.php?rest_route=\/wp\/v2\/users\/1"}],"replies":[{"embeddable":true,"href":"https:\/\/copades.com\/monec\/index.php?rest_route=%2Fwp%2Fv2%2Fcomments&post=16620"}],"version-history":[{"count":1,"href":"https:\/\/copades.com\/monec\/index.php?rest_route=\/wp\/v2\/posts\/16620\/revisions"}],"predecessor-version":[{"id":16621,"href":"https:\/\/copades.com\/monec\/index.php?rest_route=\/wp\/v2\/posts\/16620\/revisions\/16621"}],"wp:attachment":[{"href":"https:\/\/copades.com\/monec\/index.php?rest_route=%2Fwp%2Fv2%2Fmedia&parent=16620"}],"wp:term":[{"taxonomy":"category","embeddable":true,"href":"https:\/\/copades.com\/monec\/index.php?rest_route=%2Fwp%2Fv2%2Fcategories&post=16620"},{"taxonomy":"post_tag","embeddable":true,"href":"https:\/\/copades.com\/monec\/index.php?rest_route=%2Fwp%2Fv2%2Ftags&post=16620"}],"curies":[{"name":"wp","href":"https:\/\/api.w.org\/{rel}","templated":true}]}}