{"id":16679,"date":"2015-01-28T15:57:16","date_gmt":"2015-01-28T15:57:16","guid":{"rendered":"http:\/\/copades.com\/monec\/?p=16679"},"modified":"2015-02-02T15:57:50","modified_gmt":"2015-02-02T15:57:50","slug":"cepal-aboga-por-ahorro-e-inversion","status":"publish","type":"post","link":"https:\/\/copades.com\/monec\/?p=16679","title":{"rendered":"Cepal aboga por ahorro e inversi\u00f3n"},"content":{"rendered":"<p style=\"text-align: justify;\">Con la \u00e9poca dorada de los commodities cercana a su fin y una econom\u00eda en desaceleraci\u00f3n, Am\u00e9rica Latina debe confiar en el ahorro y la inversi\u00f3n para acortar la desigualdad, afirm\u00f3 el 27 de enero <strong>Alicia B\u00e1rcena<\/strong>, secretaria ejecutiva de la Comisi\u00f3n Econ\u00f3mica para Am\u00e9rica Latina y el Caribe (CEPAL). \u201cLa palabra ahorro en Am\u00e9rica Latina es la que debemos instalar, porque ahora estamos m\u00e1s en el consumo y no en el ahorro\u201d, enfatiz\u00f3 B\u00e1rcena. Am\u00e9rica Latina, donde 167 millones de personas viven en situaci\u00f3n de pobreza, ha logrado acortar la brecha entre pobres y ricos en al menos 15 pa\u00edses, donde cay\u00f3 un 10.0% entre 2002 y 2013, cifra que da esperanzas a\u00a0 Cepal en la lucha por disminuir la desigualdad. Pero ante el modesto panorama de crecimiento econ\u00f3mico de este a\u00f1o, en torno al 2.50%, seg\u00fan\u00a0 proyecciones de CEPAL, y una menor importaci\u00f3n de materias primas de Europa y las econom\u00edas emergentes, especialmente China, <strong>B\u00e1rcena<\/strong> hizo un llamado a la austeridad. (Prensa Libre 28.01.15)<\/p>\n","protected":false},"excerpt":{"rendered":"<p>Con la \u00e9poca dorada de los commodities cercana a su fin y una econom\u00eda en desaceleraci\u00f3n, Am\u00e9rica Latina debe confiar en el ahorro y la inversi\u00f3n para acortar la desigualdad, afirm\u00f3 el 27 de&#46;&#46;&#46;<\/p>\n","protected":false},"author":1,"featured_media":0,"comment_status":"open","ping_status":"closed","sticky":false,"template":"","format":"standard","meta":{"footnotes":""},"categories":[55],"tags":[141],"class_list":["post-16679","post","type-post","status-publish","format-standard","hentry","category-internacionales-seleccion","tag-cepal"],"_links":{"self":[{"href":"https:\/\/copades.com\/monec\/index.php?rest_route=\/wp\/v2\/posts\/16679","targetHints":{"allow":["GET"]}}],"collection":[{"href":"https:\/\/copades.com\/monec\/index.php?rest_route=\/wp\/v2\/posts"}],"about":[{"href":"https:\/\/copades.com\/monec\/index.php?rest_route=\/wp\/v2\/types\/post"}],"author":[{"embeddable":true,"href":"https:\/\/copades.com\/monec\/index.php?rest_route=\/wp\/v2\/users\/1"}],"replies":[{"embeddable":true,"href":"https:\/\/copades.com\/monec\/index.php?rest_route=%2Fwp%2Fv2%2Fcomments&post=16679"}],"version-history":[{"count":1,"href":"https:\/\/copades.com\/monec\/index.php?rest_route=\/wp\/v2\/posts\/16679\/revisions"}],"predecessor-version":[{"id":16680,"href":"https:\/\/copades.com\/monec\/index.php?rest_route=\/wp\/v2\/posts\/16679\/revisions\/16680"}],"wp:attachment":[{"href":"https:\/\/copades.com\/monec\/index.php?rest_route=%2Fwp%2Fv2%2Fmedia&parent=16679"}],"wp:term":[{"taxonomy":"category","embeddable":true,"href":"https:\/\/copades.com\/monec\/index.php?rest_route=%2Fwp%2Fv2%2Fcategories&post=16679"},{"taxonomy":"post_tag","embeddable":true,"href":"https:\/\/copades.com\/monec\/index.php?rest_route=%2Fwp%2Fv2%2Ftags&post=16679"}],"curies":[{"name":"wp","href":"https:\/\/api.w.org\/{rel}","templated":true}]}}