{"id":16718,"date":"2015-01-31T16:12:30","date_gmt":"2015-01-31T16:12:30","guid":{"rendered":"http:\/\/copades.com\/monec\/?p=16718"},"modified":"2015-02-02T16:13:05","modified_gmt":"2015-02-02T16:13:05","slug":"helada-baja-rendimiento","status":"publish","type":"post","link":"https:\/\/copades.com\/monec\/?p=16718","title":{"rendered":"Helada baja rendimiento"},"content":{"rendered":"<p style=\"text-align: justify;\">Debido a las bajas temperaturas de los \u00faltimos d\u00edas, el rendimiento de los vegetales disminuy\u00f3\u00a0 entre 25% y 30%, report\u00f3 el sector, mientras que el Ministerio de Agricultura, Ganader\u00eda y Alimentaci\u00f3n (MAGA) se\u00f1ala que no hay p\u00e9rdidas. Los vegetales que se cosechan en este momento son arvejas y ejotes, que se venden en el mercado local y en el exterior. \u201cEl fr\u00edo atrasa el per\u00edodo de crecimiento de 60\u00a0 a 75 d\u00edas, y ha bajado el rendimiento de 25% a 30%\u201d, explic\u00f3 <strong>Tulio Garc\u00eda<\/strong>, presidente de la Comisi\u00f3n Agr\u00edcola de la Asociaci\u00f3n Guatemalteca de Exportadores (AGEXPORT). \u00a0El ejecutivo a\u00f1adi\u00f3 que en promedio se cosechan entre 15 mil libras por manzana de ejote franc\u00e9s y que ahora se consiguen entre ocho mil y nueve mil, lo que representa\u00a0 p\u00e9rdida de seis mil\u00a0 libras, aproximadamente. (Prensa Libre 31.01.15)<\/p>\n","protected":false},"excerpt":{"rendered":"<p>Debido a las bajas temperaturas de los \u00faltimos d\u00edas, el rendimiento de los vegetales disminuy\u00f3\u00a0 entre 25% y 30%, report\u00f3 el sector, mientras que el Ministerio de Agricultura, Ganader\u00eda y Alimentaci\u00f3n (MAGA) se\u00f1ala que&#46;&#46;&#46;<\/p>\n","protected":false},"author":1,"featured_media":0,"comment_status":"open","ping_status":"closed","sticky":false,"template":"","format":"standard","meta":{"footnotes":""},"categories":[5,10],"tags":[289],"class_list":["post-16718","post","type-post","status-publish","format-standard","hentry","category-actividad-productiva","category-agricultura","tag-maga"],"_links":{"self":[{"href":"https:\/\/copades.com\/monec\/index.php?rest_route=\/wp\/v2\/posts\/16718","targetHints":{"allow":["GET"]}}],"collection":[{"href":"https:\/\/copades.com\/monec\/index.php?rest_route=\/wp\/v2\/posts"}],"about":[{"href":"https:\/\/copades.com\/monec\/index.php?rest_route=\/wp\/v2\/types\/post"}],"author":[{"embeddable":true,"href":"https:\/\/copades.com\/monec\/index.php?rest_route=\/wp\/v2\/users\/1"}],"replies":[{"embeddable":true,"href":"https:\/\/copades.com\/monec\/index.php?rest_route=%2Fwp%2Fv2%2Fcomments&post=16718"}],"version-history":[{"count":2,"href":"https:\/\/copades.com\/monec\/index.php?rest_route=\/wp\/v2\/posts\/16718\/revisions"}],"predecessor-version":[{"id":16720,"href":"https:\/\/copades.com\/monec\/index.php?rest_route=\/wp\/v2\/posts\/16718\/revisions\/16720"}],"wp:attachment":[{"href":"https:\/\/copades.com\/monec\/index.php?rest_route=%2Fwp%2Fv2%2Fmedia&parent=16718"}],"wp:term":[{"taxonomy":"category","embeddable":true,"href":"https:\/\/copades.com\/monec\/index.php?rest_route=%2Fwp%2Fv2%2Fcategories&post=16718"},{"taxonomy":"post_tag","embeddable":true,"href":"https:\/\/copades.com\/monec\/index.php?rest_route=%2Fwp%2Fv2%2Ftags&post=16718"}],"curies":[{"name":"wp","href":"https:\/\/api.w.org\/{rel}","templated":true}]}}