{"id":16721,"date":"2015-01-31T16:13:11","date_gmt":"2015-01-31T16:13:11","guid":{"rendered":"http:\/\/copades.com\/monec\/?p=16721"},"modified":"2015-02-02T16:13:41","modified_gmt":"2015-02-02T16:13:41","slug":"recaudacion-esta-sujeta-a-resolucion","status":"publish","type":"post","link":"https:\/\/copades.com\/monec\/?p=16721","title":{"rendered":"Recaudaci\u00f3n est\u00e1 sujeta a resoluci\u00f3n"},"content":{"rendered":"<p style=\"text-align: justify;\">Por primera vez en la historia del sistema tributario del pa\u00eds\u00a0 la programaci\u00f3n de recaudaci\u00f3n de impuestos para este ejercicio fiscal estar\u00e1 sujeta a la resoluci\u00f3n que dicten los magistrados de la Corte de Constitucionalidad (CC) ante la suspensi\u00f3n del impuesto a la telefon\u00eda. El monto de Q54,701 millones establecidos en el presupuesto general de ingresos y egreso es la meta,\u00a0 con la condicionante de que la\u00a0\u00a0 CC revierte la suspensi\u00f3n y logra\u00a0 la\u00a0 cobranza de\u00a0 Q5 por cada l\u00ednea de telefon\u00eda celular y fija activa. De no revertirse el fallo, la meta de recaudaci\u00f3n quedar\u00eda en Q53 mil 401 millones. La CC suspendi\u00f3 de manera provisional, en diciembre pasado,\u00a0 la vigencia del impuesto a la telefon\u00eda por recursos de impugnaci\u00f3n que present\u00f3\u00a0 el sector productivo.\u00a0 Los integrantes del Directorio de la Superintendencia de Administraci\u00f3n Tributaria (SAT) aprobaron el 30 de enero la meta. (Prensa Libre 31.01.15)<\/p>\n","protected":false},"excerpt":{"rendered":"<p>Por primera vez en la historia del sistema tributario del pa\u00eds\u00a0 la programaci\u00f3n de recaudaci\u00f3n de impuestos para este ejercicio fiscal estar\u00e1 sujeta a la resoluci\u00f3n que dicten los magistrados de la Corte de&#46;&#46;&#46;<\/p>\n","protected":false},"author":1,"featured_media":0,"comment_status":"open","ping_status":"closed","sticky":false,"template":"","format":"standard","meta":{"footnotes":""},"categories":[41,39],"tags":[789],"class_list":["post-16721","post","type-post","status-publish","format-standard","hentry","category-finanzas-publicas","category-sector-publico","tag-cc"],"_links":{"self":[{"href":"https:\/\/copades.com\/monec\/index.php?rest_route=\/wp\/v2\/posts\/16721","targetHints":{"allow":["GET"]}}],"collection":[{"href":"https:\/\/copades.com\/monec\/index.php?rest_route=\/wp\/v2\/posts"}],"about":[{"href":"https:\/\/copades.com\/monec\/index.php?rest_route=\/wp\/v2\/types\/post"}],"author":[{"embeddable":true,"href":"https:\/\/copades.com\/monec\/index.php?rest_route=\/wp\/v2\/users\/1"}],"replies":[{"embeddable":true,"href":"https:\/\/copades.com\/monec\/index.php?rest_route=%2Fwp%2Fv2%2Fcomments&post=16721"}],"version-history":[{"count":1,"href":"https:\/\/copades.com\/monec\/index.php?rest_route=\/wp\/v2\/posts\/16721\/revisions"}],"predecessor-version":[{"id":16722,"href":"https:\/\/copades.com\/monec\/index.php?rest_route=\/wp\/v2\/posts\/16721\/revisions\/16722"}],"wp:attachment":[{"href":"https:\/\/copades.com\/monec\/index.php?rest_route=%2Fwp%2Fv2%2Fmedia&parent=16721"}],"wp:term":[{"taxonomy":"category","embeddable":true,"href":"https:\/\/copades.com\/monec\/index.php?rest_route=%2Fwp%2Fv2%2Fcategories&post=16721"},{"taxonomy":"post_tag","embeddable":true,"href":"https:\/\/copades.com\/monec\/index.php?rest_route=%2Fwp%2Fv2%2Ftags&post=16721"}],"curies":[{"name":"wp","href":"https:\/\/api.w.org\/{rel}","templated":true}]}}