{"id":16775,"date":"2015-02-04T17:29:07","date_gmt":"2015-02-04T17:29:07","guid":{"rendered":"http:\/\/copades.com\/monec\/?p=16775"},"modified":"2015-02-04T17:29:07","modified_gmt":"2015-02-04T17:29:07","slug":"proximo-ministro-de-agricultura-enfrentara-retos","status":"publish","type":"post","link":"https:\/\/copades.com\/monec\/?p=16775","title":{"rendered":"Pr\u00f3ximo ministro de agricultura enfrentar\u00e1 retos"},"content":{"rendered":"<p style=\"text-align: justify;\">Quien\u00a0 sustituya a <strong>Elmer L\u00f3pez<\/strong> como ministro de Agricultura tendr\u00e1 numerosos desaf\u00edos al dirigir una instituci\u00f3n con\u00a0 proyectos pendientes\u00a0 en la producci\u00f3n de caf\u00e9, cardamomo y cebolla, adem\u00e1s de la\u00a0\u00a0 cooperaci\u00f3n internacional. <strong>L\u00f3pez<\/strong> anunci\u00f3 su renuncia el lunes \u00faltimo y afirm\u00f3 que esta obedece a asuntos personales y a que debe concluir su tesis de doctorado. <strong>Sebasti\u00e1n Marcucci<\/strong>, viceministro de Sanidad Agropecuaria y Regulaciones, fue nombrado jefe de esa cartera en forma interina. En diciembre reci\u00e9n pasado, <strong>L\u00f3pez<\/strong> indic\u00f3 que se transferir\u00edan Q10 millones al fideicomiso de apoyo al sector caficultor, que maneja el Banco de Desarrollo Rural (Banrural). Sin embargo, a la fecha la transferencia no se ha efectuado. Seg\u00fan la Asociaci\u00f3n Nacional del Caf\u00e9 (ANACAF\u00c9), las solicitudes de pr\u00e9stamos en Banrural por parte de caficultores suman US$37 millones. (Prensa Libre 04.02.15)<\/p>\n","protected":false},"excerpt":{"rendered":"<p>Quien\u00a0 sustituya a Elmer L\u00f3pez como ministro de Agricultura tendr\u00e1 numerosos desaf\u00edos al dirigir una instituci\u00f3n con\u00a0 proyectos pendientes\u00a0 en la producci\u00f3n de caf\u00e9, cardamomo y cebolla, adem\u00e1s de la\u00a0\u00a0 cooperaci\u00f3n internacional. L\u00f3pez anunci\u00f3&#46;&#46;&#46;<\/p>\n","protected":false},"author":1,"featured_media":0,"comment_status":"open","ping_status":"closed","sticky":false,"template":"","format":"standard","meta":{"footnotes":""},"categories":[5,10],"tags":[251],"class_list":["post-16775","post","type-post","status-publish","format-standard","hentry","category-actividad-productiva","category-agricultura","tag-anacafe"],"_links":{"self":[{"href":"https:\/\/copades.com\/monec\/index.php?rest_route=\/wp\/v2\/posts\/16775","targetHints":{"allow":["GET"]}}],"collection":[{"href":"https:\/\/copades.com\/monec\/index.php?rest_route=\/wp\/v2\/posts"}],"about":[{"href":"https:\/\/copades.com\/monec\/index.php?rest_route=\/wp\/v2\/types\/post"}],"author":[{"embeddable":true,"href":"https:\/\/copades.com\/monec\/index.php?rest_route=\/wp\/v2\/users\/1"}],"replies":[{"embeddable":true,"href":"https:\/\/copades.com\/monec\/index.php?rest_route=%2Fwp%2Fv2%2Fcomments&post=16775"}],"version-history":[{"count":1,"href":"https:\/\/copades.com\/monec\/index.php?rest_route=\/wp\/v2\/posts\/16775\/revisions"}],"predecessor-version":[{"id":16776,"href":"https:\/\/copades.com\/monec\/index.php?rest_route=\/wp\/v2\/posts\/16775\/revisions\/16776"}],"wp:attachment":[{"href":"https:\/\/copades.com\/monec\/index.php?rest_route=%2Fwp%2Fv2%2Fmedia&parent=16775"}],"wp:term":[{"taxonomy":"category","embeddable":true,"href":"https:\/\/copades.com\/monec\/index.php?rest_route=%2Fwp%2Fv2%2Fcategories&post=16775"},{"taxonomy":"post_tag","embeddable":true,"href":"https:\/\/copades.com\/monec\/index.php?rest_route=%2Fwp%2Fv2%2Ftags&post=16775"}],"curies":[{"name":"wp","href":"https:\/\/api.w.org\/{rel}","templated":true}]}}