{"id":16800,"date":"2015-02-05T15:18:55","date_gmt":"2015-02-05T15:18:55","guid":{"rendered":"http:\/\/copades.com\/monec\/?p=16800"},"modified":"2015-02-05T15:18:55","modified_gmt":"2015-02-05T15:18:55","slug":"anacafe-necesita-q7-1-millardos-para-renovar-parque-cafetalero","status":"publish","type":"post","link":"https:\/\/copades.com\/monec\/?p=16800","title":{"rendered":"ANACAF\u00c9 necesita Q7.1 millardos para renovar parque cafetalero"},"content":{"rendered":"<p style=\"text-align: justify;\">Para renovar por completo el parque cafetalero del pa\u00eds, afectado por la plaga de la roya, la Asociaci\u00f3n Nacional del Caf\u00e9 (ANACAF\u00c9) necesita no menos de Q7.1 millardos. En total, tendr\u00edan que cambiar las plantaciones de 238 mil 852 manzanas, que representa el 75% del parque de toda la Rep\u00fablica. <strong>Francisco Anzueto<\/strong>, coordinador cient\u00edfico de esa organizaci\u00f3n, indic\u00f3 que durante el 2013 y 2014 se renov\u00f3 el 25% de las plantaciones. De las que, el 20% se podaron y el 5.0% \u00a0se renovaron con nuevas plantas. \u201cEsa renovaci\u00f3n se hizo con fondos propios de cada caficultor. En promedio, renovar una manzana de terreno cuesta entre Q30 y Q35 mil. Y la mayor\u00eda de ellos viven de lo que producen, por lo que no cuentan con esos recursos\u201d. (El Periodico\/Siglo XXI\/Prensa Libre\/Diario de Centroamerica 05.02.15)<\/p>\n","protected":false},"excerpt":{"rendered":"<p>Para renovar por completo el parque cafetalero del pa\u00eds, afectado por la plaga de la roya, la Asociaci\u00f3n Nacional del Caf\u00e9 (ANACAF\u00c9) necesita no menos de Q7.1 millardos. En total, tendr\u00edan que cambiar las&#46;&#46;&#46;<\/p>\n","protected":false},"author":1,"featured_media":0,"comment_status":"open","ping_status":"closed","sticky":false,"template":"","format":"standard","meta":{"footnotes":""},"categories":[24,30],"tags":[251],"class_list":["post-16800","post","type-post","status-publish","format-standard","hentry","category-comercio-exterior","category-exportaciones-de-cafe","tag-anacafe"],"_links":{"self":[{"href":"https:\/\/copades.com\/monec\/index.php?rest_route=\/wp\/v2\/posts\/16800","targetHints":{"allow":["GET"]}}],"collection":[{"href":"https:\/\/copades.com\/monec\/index.php?rest_route=\/wp\/v2\/posts"}],"about":[{"href":"https:\/\/copades.com\/monec\/index.php?rest_route=\/wp\/v2\/types\/post"}],"author":[{"embeddable":true,"href":"https:\/\/copades.com\/monec\/index.php?rest_route=\/wp\/v2\/users\/1"}],"replies":[{"embeddable":true,"href":"https:\/\/copades.com\/monec\/index.php?rest_route=%2Fwp%2Fv2%2Fcomments&post=16800"}],"version-history":[{"count":1,"href":"https:\/\/copades.com\/monec\/index.php?rest_route=\/wp\/v2\/posts\/16800\/revisions"}],"predecessor-version":[{"id":16801,"href":"https:\/\/copades.com\/monec\/index.php?rest_route=\/wp\/v2\/posts\/16800\/revisions\/16801"}],"wp:attachment":[{"href":"https:\/\/copades.com\/monec\/index.php?rest_route=%2Fwp%2Fv2%2Fmedia&parent=16800"}],"wp:term":[{"taxonomy":"category","embeddable":true,"href":"https:\/\/copades.com\/monec\/index.php?rest_route=%2Fwp%2Fv2%2Fcategories&post=16800"},{"taxonomy":"post_tag","embeddable":true,"href":"https:\/\/copades.com\/monec\/index.php?rest_route=%2Fwp%2Fv2%2Ftags&post=16800"}],"curies":[{"name":"wp","href":"https:\/\/api.w.org\/{rel}","templated":true}]}}