{"id":17274,"date":"2015-03-04T16:23:06","date_gmt":"2015-03-04T16:23:06","guid":{"rendered":"http:\/\/copades.com\/monec\/?p=17274"},"modified":"2015-03-05T16:24:49","modified_gmt":"2015-03-05T16:24:49","slug":"convocan-a-generacion-con-bunker","status":"publish","type":"post","link":"https:\/\/copades.com\/monec\/?p=17274","title":{"rendered":"Convocan a generaci\u00f3n con b\u00fanker"},"content":{"rendered":"<p style=\"text-align: justify;\">En febrero \u00faltimo, el aporte de plantas hidroel\u00e9ctricas para cubrir la demanda de energ\u00eda baj\u00f3 respecto de diciembre del a\u00f1o pasado. La baja ha provocado un aumento de generaci\u00f3n con b\u00fanker. El comportamiento, en ese plazo, ha impulsado un incremento del 41% en el precio spot \u2013precio de compraventa de energ\u00eda sin contrato-. La baja de la generaci\u00f3n de hidroel\u00e9ctricas signific\u00f3 un 28.8% menos, esto oblig\u00f3 la participaci\u00f3n del 7.7% de b\u00fanker en diciembre, a 8.74% en febrero; el carb\u00f3n pas\u00f3 de 16% a 22.4%, y la biomasa de 26.8% a 31.9%. <strong>Carmen<\/strong> <strong>Ur\u00edzar<\/strong>, presidente de la CNEE, y <strong>Horacio Fern\u00e1ndez<\/strong>, director ejecutivo de la Asociaci\u00f3n Nacional de Generadores, coincidieron que a pesar de esas alzas, los precios est\u00e1n m\u00e1s bajos que en la misma \u00e9poca del 2014, debido al ingreso de nuevos proyectos de generaci\u00f3n. Agregaron que ese comportamiento no afectar\u00e1 a la tarifa regulada, de la cual se esperan bajas en mayo, pues ante un a\u00f1o seco, el sistema se prepara. (Prensa Libre 04.03.15)<\/p>\n","protected":false},"excerpt":{"rendered":"<p>En febrero \u00faltimo, el aporte de plantas hidroel\u00e9ctricas para cubrir la demanda de energ\u00eda baj\u00f3 respecto de diciembre del a\u00f1o pasado. La baja ha provocado un aumento de generaci\u00f3n con b\u00fanker. El comportamiento, en&#46;&#46;&#46;<\/p>\n","protected":false},"author":1,"featured_media":0,"comment_status":"open","ping_status":"closed","sticky":false,"template":"","format":"standard","meta":{"footnotes":""},"categories":[5,14],"tags":[151],"class_list":["post-17274","post","type-post","status-publish","format-standard","hentry","category-actividad-productiva","category-energia-electrica","tag-cnee"],"_links":{"self":[{"href":"https:\/\/copades.com\/monec\/index.php?rest_route=\/wp\/v2\/posts\/17274","targetHints":{"allow":["GET"]}}],"collection":[{"href":"https:\/\/copades.com\/monec\/index.php?rest_route=\/wp\/v2\/posts"}],"about":[{"href":"https:\/\/copades.com\/monec\/index.php?rest_route=\/wp\/v2\/types\/post"}],"author":[{"embeddable":true,"href":"https:\/\/copades.com\/monec\/index.php?rest_route=\/wp\/v2\/users\/1"}],"replies":[{"embeddable":true,"href":"https:\/\/copades.com\/monec\/index.php?rest_route=%2Fwp%2Fv2%2Fcomments&post=17274"}],"version-history":[{"count":1,"href":"https:\/\/copades.com\/monec\/index.php?rest_route=\/wp\/v2\/posts\/17274\/revisions"}],"predecessor-version":[{"id":17275,"href":"https:\/\/copades.com\/monec\/index.php?rest_route=\/wp\/v2\/posts\/17274\/revisions\/17275"}],"wp:attachment":[{"href":"https:\/\/copades.com\/monec\/index.php?rest_route=%2Fwp%2Fv2%2Fmedia&parent=17274"}],"wp:term":[{"taxonomy":"category","embeddable":true,"href":"https:\/\/copades.com\/monec\/index.php?rest_route=%2Fwp%2Fv2%2Fcategories&post=17274"},{"taxonomy":"post_tag","embeddable":true,"href":"https:\/\/copades.com\/monec\/index.php?rest_route=%2Fwp%2Fv2%2Ftags&post=17274"}],"curies":[{"name":"wp","href":"https:\/\/api.w.org\/{rel}","templated":true}]}}