{"id":17525,"date":"2015-03-19T16:47:14","date_gmt":"2015-03-19T16:47:14","guid":{"rendered":"http:\/\/copades.com\/monec\/?p=17525"},"modified":"2015-03-20T16:47:53","modified_gmt":"2015-03-20T16:47:53","slug":"vicepresidenta-reconoce-que-prima-corrupcion-en-aduanas","status":"publish","type":"post","link":"https:\/\/copades.com\/monec\/?p=17525","title":{"rendered":"Vicepresidenta reconoce que prima corrupci\u00f3n en aduanas"},"content":{"rendered":"<p style=\"text-align: justify;\">La Vicepresidencia asegura que es necesario los dos marchamos, medida rechazada por los empresarios.\u00a0 La vicepresidenta <strong>Roxana Baldetti<\/strong> reconoci\u00f3 que la corrupci\u00f3n que impera en las aduanas del pa\u00eds es \u201cel problema real\u201d del contrabando. Despu\u00e9s de tres a\u00f1os de haber anunciado que hab\u00edan localizado esas \u201credes criminales\u201d y que estaban siendo investigados, a\u00fan no se ha realizado ni una sola captura. A su criterio, las investigaciones deber\u00e1n evidenciar a las bandas por completo, para que se puedan girar \u00f3rdenes de captura. De esa cuenta la vicemandataria insisti\u00f3 en el uso de dos marchamos en los contenedores. Medida que ha sido rechazada por el sector empresarial. El fisco deja de percibir aproximadamente Q12 millardos por las pr\u00e1cticas de trasiego de mercader\u00eda. (El Periodico 19.03.15)<\/p>\n","protected":false},"excerpt":{"rendered":"<p>La Vicepresidencia asegura que es necesario los dos marchamos, medida rechazada por los empresarios.\u00a0 La vicepresidenta Roxana Baldetti reconoci\u00f3 que la corrupci\u00f3n que impera en las aduanas del pa\u00eds es \u201cel problema real\u201d del&#46;&#46;&#46;<\/p>\n","protected":false},"author":1,"featured_media":0,"comment_status":"open","ping_status":"closed","sticky":false,"template":"","format":"standard","meta":{"footnotes":""},"categories":[24,26],"tags":[2703],"class_list":["post-17525","post","type-post","status-publish","format-standard","hentry","category-comercio-exterior","category-exportaciones","tag-vicepresidencia"],"_links":{"self":[{"href":"https:\/\/copades.com\/monec\/index.php?rest_route=\/wp\/v2\/posts\/17525","targetHints":{"allow":["GET"]}}],"collection":[{"href":"https:\/\/copades.com\/monec\/index.php?rest_route=\/wp\/v2\/posts"}],"about":[{"href":"https:\/\/copades.com\/monec\/index.php?rest_route=\/wp\/v2\/types\/post"}],"author":[{"embeddable":true,"href":"https:\/\/copades.com\/monec\/index.php?rest_route=\/wp\/v2\/users\/1"}],"replies":[{"embeddable":true,"href":"https:\/\/copades.com\/monec\/index.php?rest_route=%2Fwp%2Fv2%2Fcomments&post=17525"}],"version-history":[{"count":1,"href":"https:\/\/copades.com\/monec\/index.php?rest_route=\/wp\/v2\/posts\/17525\/revisions"}],"predecessor-version":[{"id":17526,"href":"https:\/\/copades.com\/monec\/index.php?rest_route=\/wp\/v2\/posts\/17525\/revisions\/17526"}],"wp:attachment":[{"href":"https:\/\/copades.com\/monec\/index.php?rest_route=%2Fwp%2Fv2%2Fmedia&parent=17525"}],"wp:term":[{"taxonomy":"category","embeddable":true,"href":"https:\/\/copades.com\/monec\/index.php?rest_route=%2Fwp%2Fv2%2Fcategories&post=17525"},{"taxonomy":"post_tag","embeddable":true,"href":"https:\/\/copades.com\/monec\/index.php?rest_route=%2Fwp%2Fv2%2Ftags&post=17525"}],"curies":[{"name":"wp","href":"https:\/\/api.w.org\/{rel}","templated":true}]}}