{"id":17627,"date":"2015-03-26T18:16:24","date_gmt":"2015-03-26T18:16:24","guid":{"rendered":"http:\/\/copades.com\/monec\/?p=17627"},"modified":"2015-04-07T18:16:59","modified_gmt":"2015-04-07T18:16:59","slug":"rebaja-sera-paulatina-por-atrasos-en-jaguar-energy","status":"publish","type":"post","link":"https:\/\/copades.com\/monec\/?p=17627","title":{"rendered":"Rebaja ser\u00e1 paulatina por atrasos en Jaguar Energy"},"content":{"rendered":"<p style=\"text-align: justify;\">La reducci\u00f3n del 25% en la tarifa el\u00e9ctrica prevista por el Gobierno a partir del 1 de mayo pr\u00f3ximo se aplicar\u00e1 de manera paulatina. De acuerdo con Energuate la rebaja iniciar\u00e1 para los usuarios de la Tarifa No Social (TNS), debido a que Jaguar Energy proveer\u00e1 potencia para este rubro y no para los consumidores en Tarifa Social. Los usuarios en la TNS son aquellos que consumen m\u00e1s de 300 kilovatios\/hora. Entre las razones porque la disminuci\u00f3n no ser\u00e1 conforme a lo estimado se debe a que la carbonera ha presentado retrasos en las pruebas t\u00e9cnicas, como la sincronizaci\u00f3n de la planta con el Sistema Nacional de Interconexi\u00f3n que a principios fue programada para el 23 de marzo, pero por fallas se traslad\u00f3 para el 1 de abril, fecha que de nuevo ha sido reprogramada. (Siglo XXI 26.03.15)<\/p>\n","protected":false},"excerpt":{"rendered":"<p>La reducci\u00f3n del 25% en la tarifa el\u00e9ctrica prevista por el Gobierno a partir del 1 de mayo pr\u00f3ximo se aplicar\u00e1 de manera paulatina. De acuerdo con Energuate la rebaja iniciar\u00e1 para los usuarios&#46;&#46;&#46;<\/p>\n","protected":false},"author":1,"featured_media":0,"comment_status":"open","ping_status":"closed","sticky":false,"template":"","format":"standard","meta":{"footnotes":""},"categories":[5,14],"tags":[2715],"class_list":["post-17627","post","type-post","status-publish","format-standard","hentry","category-actividad-productiva","category-energia-electrica","tag-tns"],"_links":{"self":[{"href":"https:\/\/copades.com\/monec\/index.php?rest_route=\/wp\/v2\/posts\/17627","targetHints":{"allow":["GET"]}}],"collection":[{"href":"https:\/\/copades.com\/monec\/index.php?rest_route=\/wp\/v2\/posts"}],"about":[{"href":"https:\/\/copades.com\/monec\/index.php?rest_route=\/wp\/v2\/types\/post"}],"author":[{"embeddable":true,"href":"https:\/\/copades.com\/monec\/index.php?rest_route=\/wp\/v2\/users\/1"}],"replies":[{"embeddable":true,"href":"https:\/\/copades.com\/monec\/index.php?rest_route=%2Fwp%2Fv2%2Fcomments&post=17627"}],"version-history":[{"count":1,"href":"https:\/\/copades.com\/monec\/index.php?rest_route=\/wp\/v2\/posts\/17627\/revisions"}],"predecessor-version":[{"id":17628,"href":"https:\/\/copades.com\/monec\/index.php?rest_route=\/wp\/v2\/posts\/17627\/revisions\/17628"}],"wp:attachment":[{"href":"https:\/\/copades.com\/monec\/index.php?rest_route=%2Fwp%2Fv2%2Fmedia&parent=17627"}],"wp:term":[{"taxonomy":"category","embeddable":true,"href":"https:\/\/copades.com\/monec\/index.php?rest_route=%2Fwp%2Fv2%2Fcategories&post=17627"},{"taxonomy":"post_tag","embeddable":true,"href":"https:\/\/copades.com\/monec\/index.php?rest_route=%2Fwp%2Fv2%2Ftags&post=17627"}],"curies":[{"name":"wp","href":"https:\/\/api.w.org\/{rel}","templated":true}]}}