{"id":17821,"date":"2015-04-14T16:08:12","date_gmt":"2015-04-14T16:08:12","guid":{"rendered":"http:\/\/copades.com\/monec\/?p=17821"},"modified":"2015-04-15T16:09:01","modified_gmt":"2015-04-15T16:09:01","slug":"jorge-briz-asume-la-presidencia-del-cacif","status":"publish","type":"post","link":"https:\/\/copades.com\/monec\/?p=17821","title":{"rendered":"Jorge Briz asume la presidencia del CACIF"},"content":{"rendered":"<p style=\"text-align: justify;\">El comit\u00e9 Coordinador de Asociaciones Comerciales, Industriales y Financieras (CACIF) efectu\u00f3 ayer un cambio de liderazgo, al asumir la nueva junta directiva que para el a\u00f1o 2015-2016 ser\u00e1 presidida por <strong>Jorge Briz<\/strong>, titular de la C\u00e1mara de Comercio. Explic\u00f3 que su plan de trabajo consistir\u00e1 en promover y defender la propiedad privada; trabajar por una mejor imagen de pa\u00eds, insistir en la transparencia en el uso de los recursos y la calidad del gasto p\u00fablico; impulsar la competitividad del pa\u00eds; y velar para que las pr\u00f3ximas elecciones sean procesos transparentes en beneficio del estado de derecho. (Siglo XXI\/El Periodico 14.04.15)<\/p>\n","protected":false},"excerpt":{"rendered":"<p>El comit\u00e9 Coordinador de Asociaciones Comerciales, Industriales y Financieras (CACIF) efectu\u00f3 ayer un cambio de liderazgo, al asumir la nueva junta directiva que para el a\u00f1o 2015-2016 ser\u00e1 presidida por Jorge Briz, titular de&#46;&#46;&#46;<\/p>\n","protected":false},"author":1,"featured_media":0,"comment_status":"open","ping_status":"closed","sticky":false,"template":"","format":"standard","meta":{"footnotes":""},"categories":[5,1981],"tags":[250],"class_list":["post-17821","post","type-post","status-publish","format-standard","hentry","category-actividad-productiva","category-empresarial","tag-cacif"],"_links":{"self":[{"href":"https:\/\/copades.com\/monec\/index.php?rest_route=\/wp\/v2\/posts\/17821","targetHints":{"allow":["GET"]}}],"collection":[{"href":"https:\/\/copades.com\/monec\/index.php?rest_route=\/wp\/v2\/posts"}],"about":[{"href":"https:\/\/copades.com\/monec\/index.php?rest_route=\/wp\/v2\/types\/post"}],"author":[{"embeddable":true,"href":"https:\/\/copades.com\/monec\/index.php?rest_route=\/wp\/v2\/users\/1"}],"replies":[{"embeddable":true,"href":"https:\/\/copades.com\/monec\/index.php?rest_route=%2Fwp%2Fv2%2Fcomments&post=17821"}],"version-history":[{"count":1,"href":"https:\/\/copades.com\/monec\/index.php?rest_route=\/wp\/v2\/posts\/17821\/revisions"}],"predecessor-version":[{"id":17822,"href":"https:\/\/copades.com\/monec\/index.php?rest_route=\/wp\/v2\/posts\/17821\/revisions\/17822"}],"wp:attachment":[{"href":"https:\/\/copades.com\/monec\/index.php?rest_route=%2Fwp%2Fv2%2Fmedia&parent=17821"}],"wp:term":[{"taxonomy":"category","embeddable":true,"href":"https:\/\/copades.com\/monec\/index.php?rest_route=%2Fwp%2Fv2%2Fcategories&post=17821"},{"taxonomy":"post_tag","embeddable":true,"href":"https:\/\/copades.com\/monec\/index.php?rest_route=%2Fwp%2Fv2%2Ftags&post=17821"}],"curies":[{"name":"wp","href":"https:\/\/api.w.org\/{rel}","templated":true}]}}