{"id":19077,"date":"2015-06-11T18:02:04","date_gmt":"2015-06-11T18:02:04","guid":{"rendered":"http:\/\/copades.com\/monec\/?p=19077"},"modified":"2015-06-11T18:02:04","modified_gmt":"2015-06-11T18:02:04","slug":"apoyo-a-los-caficultores","status":"publish","type":"post","link":"https:\/\/copades.com\/monec\/?p=19077","title":{"rendered":"Apoyo a los caficultores"},"content":{"rendered":"<p style=\"text-align: justify;\">Por segundo a\u00f1o consecutivo la empresa suiza Nestl\u00e9, en conjunto con la Asociaci\u00f3n Nacional del Caf\u00e9 (Anacaf\u00e9), contin\u00faa el plan Cosechando el Futuro en Cada Grano, con la donaci\u00f3n de un mill\u00f3n 500 mil cafetos resistentes al hongo de la roya. M\u00e1s de dos mil productores de caf\u00e9 ser\u00e1n beneficiados con la entrega de las variedades Archimor y Anacaf\u00e9 14, productos del cruce de dos tipos de planta que bloquean la alimentaci\u00f3n de ese hongo. Medina manifest\u00f3 su preocupaci\u00f3n porque el Gobierno a\u00fan no traslada los fondos correspondientes al fideicomiso del caf\u00e9, que ascienden a US$100 millones. El directivo asegur\u00f3 que al menos $34 millones est\u00e1n disponibles, pero todav\u00eda no a la disposici\u00f3n de los caficultores, mientras que otros US$48 millones fueron trasladados para el pago de la deuda p\u00fablica. (Prensa Libre, Diario de Centroam\u00e9rica 11.06.15)<\/p>\n","protected":false},"excerpt":{"rendered":"<p>Por segundo a\u00f1o consecutivo la empresa suiza Nestl\u00e9, en conjunto con la Asociaci\u00f3n Nacional del Caf\u00e9 (Anacaf\u00e9), contin\u00faa el plan Cosechando el Futuro en Cada Grano, con la donaci\u00f3n de un mill\u00f3n 500 mil&#46;&#46;&#46;<\/p>\n","protected":false},"author":1,"featured_media":0,"comment_status":"open","ping_status":"closed","sticky":false,"template":"","format":"standard","meta":{"footnotes":""},"categories":[5,9],"tags":[251,2852,2116],"class_list":["post-19077","post","type-post","status-publish","format-standard","hentry","category-actividad-productiva","category-actividad-productiva-actividad-productiva","tag-anacafe","tag-asociacion-nacional-del-cafe","tag-nestle"],"_links":{"self":[{"href":"https:\/\/copades.com\/monec\/index.php?rest_route=\/wp\/v2\/posts\/19077","targetHints":{"allow":["GET"]}}],"collection":[{"href":"https:\/\/copades.com\/monec\/index.php?rest_route=\/wp\/v2\/posts"}],"about":[{"href":"https:\/\/copades.com\/monec\/index.php?rest_route=\/wp\/v2\/types\/post"}],"author":[{"embeddable":true,"href":"https:\/\/copades.com\/monec\/index.php?rest_route=\/wp\/v2\/users\/1"}],"replies":[{"embeddable":true,"href":"https:\/\/copades.com\/monec\/index.php?rest_route=%2Fwp%2Fv2%2Fcomments&post=19077"}],"version-history":[{"count":1,"href":"https:\/\/copades.com\/monec\/index.php?rest_route=\/wp\/v2\/posts\/19077\/revisions"}],"predecessor-version":[{"id":19078,"href":"https:\/\/copades.com\/monec\/index.php?rest_route=\/wp\/v2\/posts\/19077\/revisions\/19078"}],"wp:attachment":[{"href":"https:\/\/copades.com\/monec\/index.php?rest_route=%2Fwp%2Fv2%2Fmedia&parent=19077"}],"wp:term":[{"taxonomy":"category","embeddable":true,"href":"https:\/\/copades.com\/monec\/index.php?rest_route=%2Fwp%2Fv2%2Fcategories&post=19077"},{"taxonomy":"post_tag","embeddable":true,"href":"https:\/\/copades.com\/monec\/index.php?rest_route=%2Fwp%2Fv2%2Ftags&post=19077"}],"curies":[{"name":"wp","href":"https:\/\/api.w.org\/{rel}","templated":true}]}}