{"id":19388,"date":"2015-06-22T18:09:42","date_gmt":"2015-06-22T18:09:42","guid":{"rendered":"http:\/\/copades.com\/monec\/?p=19388"},"modified":"2015-06-22T18:09:42","modified_gmt":"2015-06-22T18:09:42","slug":"tlc-con-panama-llega-a-seis-anos-de-suscripcion","status":"publish","type":"post","link":"https:\/\/copades.com\/monec\/?p=19388","title":{"rendered":"TLC con Panam\u00e1 llega a seis a\u00f1os de suscripci\u00f3n"},"content":{"rendered":"<p style=\"text-align: justify;\">El Tratado de Libre Comercio con Panam\u00e1, pa\u00eds que es octavo socio comercial en exportaciones y quinto en importaciones, cumpli\u00f3 seis a\u00f1os de su suscripci\u00f3n, informa el Ministerio de Econom\u00eda (MINECO). Las exportaciones de Guatemala hacia el pa\u00eds centroamericano han crecido en promedio anual 9% desde 2009 ($183.9 millones) hasta 2014 ($282.3 millones). Y las importaciones han aumentado un 12% anual en ese mismo per\u00edodo. (Siglo 21 22.06.15)<\/p>\n","protected":false},"excerpt":{"rendered":"<p>El Tratado de Libre Comercio con Panam\u00e1, pa\u00eds que es octavo socio comercial en exportaciones y quinto en importaciones, cumpli\u00f3 seis a\u00f1os de su suscripci\u00f3n, informa el Ministerio de Econom\u00eda (MINECO). Las exportaciones de&#46;&#46;&#46;<\/p>\n","protected":false},"author":1,"featured_media":0,"comment_status":"open","ping_status":"closed","sticky":false,"template":"","format":"standard","meta":{"footnotes":""},"categories":[24,36],"tags":[78,2261,1289],"class_list":["post-19388","post","type-post","status-publish","format-standard","hentry","category-comercio-exterior","category-tratados-de-libre-comercio","tag-mineco","tag-ministerio-de-economia","tag-tratado-de-libre-comercio"],"_links":{"self":[{"href":"https:\/\/copades.com\/monec\/index.php?rest_route=\/wp\/v2\/posts\/19388","targetHints":{"allow":["GET"]}}],"collection":[{"href":"https:\/\/copades.com\/monec\/index.php?rest_route=\/wp\/v2\/posts"}],"about":[{"href":"https:\/\/copades.com\/monec\/index.php?rest_route=\/wp\/v2\/types\/post"}],"author":[{"embeddable":true,"href":"https:\/\/copades.com\/monec\/index.php?rest_route=\/wp\/v2\/users\/1"}],"replies":[{"embeddable":true,"href":"https:\/\/copades.com\/monec\/index.php?rest_route=%2Fwp%2Fv2%2Fcomments&post=19388"}],"version-history":[{"count":1,"href":"https:\/\/copades.com\/monec\/index.php?rest_route=\/wp\/v2\/posts\/19388\/revisions"}],"predecessor-version":[{"id":19389,"href":"https:\/\/copades.com\/monec\/index.php?rest_route=\/wp\/v2\/posts\/19388\/revisions\/19389"}],"wp:attachment":[{"href":"https:\/\/copades.com\/monec\/index.php?rest_route=%2Fwp%2Fv2%2Fmedia&parent=19388"}],"wp:term":[{"taxonomy":"category","embeddable":true,"href":"https:\/\/copades.com\/monec\/index.php?rest_route=%2Fwp%2Fv2%2Fcategories&post=19388"},{"taxonomy":"post_tag","embeddable":true,"href":"https:\/\/copades.com\/monec\/index.php?rest_route=%2Fwp%2Fv2%2Ftags&post=19388"}],"curies":[{"name":"wp","href":"https:\/\/api.w.org\/{rel}","templated":true}]}}