{"id":1946,"date":"2012-04-14T16:19:02","date_gmt":"2012-04-14T16:19:02","guid":{"rendered":"http:\/\/copades.com\/monec\/?p=1946"},"modified":"2012-04-16T16:21:26","modified_gmt":"2012-04-16T16:21:26","slug":"dinamismo-industrial-eleva-uso-de-energia","status":"publish","type":"post","link":"https:\/\/copades.com\/monec\/?p=1946","title":{"rendered":"Dinamismo industrial eleva uso de energ\u00eda"},"content":{"rendered":"<p style=\"text-align: justify;\">La demanda de energ\u00eda el\u00e9ctrica creci\u00f3 5.80% en el primer trimestre del 2012 respecto del mismo plazo del a\u00f1o pasado lo cual refiere un dinamismo de la econom\u00eda seg\u00fan entrevistados. Datos de la Comisi\u00f3n Nacional de Energ\u00eda El\u00e9ctrica (CNEE) indican que de enero a marzo de este a\u00f1o se han consumido 2,07.41 gigavatios hora, 5.80% m\u00e1s que en el primer trimestre del 2011. Mientras que tambi\u00e9n se reporta una mayor demanda de potencia. <strong>Luis Herrera<\/strong>, gerente del Administrador del Mercado Mayorista (AMM), refiere que en este plazo se marcaron dos r\u00e9cords. Uno de la demanda de energ\u00eda en marzo pasado, cuando se requiri\u00f3 de 751.83 gigavatios. El segundo es en la demanda de potencia, cuando se registr\u00f3 un m\u00e1ximo de 1,494.43 megavatios. En el primer trimestre de ese a\u00f1o la m\u00e1s alta fue 1,477.79 reportada en marzo. (Prensa Libre 14.04.12)<\/p>\n","protected":false},"excerpt":{"rendered":"<p>La demanda de energ\u00eda el\u00e9ctrica creci\u00f3 5.80% en el primer trimestre del 2012 respecto del mismo plazo del a\u00f1o pasado lo cual refiere un dinamismo de la econom\u00eda seg\u00fan entrevistados. Datos de la Comisi\u00f3n&#46;&#46;&#46;<\/p>\n","protected":false},"author":1,"featured_media":0,"comment_status":"open","ping_status":"closed","sticky":false,"template":"","format":"standard","meta":{"footnotes":""},"categories":[5,14],"tags":[151],"class_list":["post-1946","post","type-post","status-publish","format-standard","hentry","category-actividad-productiva","category-energia-electrica","tag-cnee"],"_links":{"self":[{"href":"https:\/\/copades.com\/monec\/index.php?rest_route=\/wp\/v2\/posts\/1946","targetHints":{"allow":["GET"]}}],"collection":[{"href":"https:\/\/copades.com\/monec\/index.php?rest_route=\/wp\/v2\/posts"}],"about":[{"href":"https:\/\/copades.com\/monec\/index.php?rest_route=\/wp\/v2\/types\/post"}],"author":[{"embeddable":true,"href":"https:\/\/copades.com\/monec\/index.php?rest_route=\/wp\/v2\/users\/1"}],"replies":[{"embeddable":true,"href":"https:\/\/copades.com\/monec\/index.php?rest_route=%2Fwp%2Fv2%2Fcomments&post=1946"}],"version-history":[{"count":1,"href":"https:\/\/copades.com\/monec\/index.php?rest_route=\/wp\/v2\/posts\/1946\/revisions"}],"predecessor-version":[{"id":1947,"href":"https:\/\/copades.com\/monec\/index.php?rest_route=\/wp\/v2\/posts\/1946\/revisions\/1947"}],"wp:attachment":[{"href":"https:\/\/copades.com\/monec\/index.php?rest_route=%2Fwp%2Fv2%2Fmedia&parent=1946"}],"wp:term":[{"taxonomy":"category","embeddable":true,"href":"https:\/\/copades.com\/monec\/index.php?rest_route=%2Fwp%2Fv2%2Fcategories&post=1946"},{"taxonomy":"post_tag","embeddable":true,"href":"https:\/\/copades.com\/monec\/index.php?rest_route=%2Fwp%2Fv2%2Ftags&post=1946"}],"curies":[{"name":"wp","href":"https:\/\/api.w.org\/{rel}","templated":true}]}}