{"id":19472,"date":"2015-06-25T17:05:47","date_gmt":"2015-06-25T17:05:47","guid":{"rendered":"http:\/\/copades.com\/monec\/?p=19472"},"modified":"2015-06-25T17:05:47","modified_gmt":"2015-06-25T17:05:47","slug":"ministros-de-economia-preparan-cumbre","status":"publish","type":"post","link":"https:\/\/copades.com\/monec\/?p=19472","title":{"rendered":"Ministros de Econom\u00eda preparan cumbre"},"content":{"rendered":"<p style=\"text-align: justify;\">El gasoducto entre Guatemala y M\u00e9xico as\u00ed como la uni\u00f3n aduanera dominan agenda. La reuni\u00f3n del Consejo de Ministros de Integraci\u00f3n Econ\u00f3mica de Centroam\u00e9rica (COMIECO) se lleva a cabo este d\u00eda, en el marco preparatorio de la Cumbre de Jefes de Estado y de Gobierno a realizarse este viernes 26 en la ciudad de Antigua Guatemala. Los preparativos para la cumbre, implican reuniones t\u00e9cnicas, foros y la entrega simb\u00f3lica de la presidencia de todas las instancias regionales derivadas de la plataforma de integraci\u00f3n; entre ellas, la jefatura del COMIECO, que preside <strong>Sergio de la Torre<\/strong>, ministro de Econom\u00eda de Guatemala y que entregar\u00e1 a su par salvadore\u00f1o, <strong>Tharsis Salom\u00f3n L\u00f3pez<\/strong>. (Siglo 21 25.06.15)<\/p>\n","protected":false},"excerpt":{"rendered":"<p>El gasoducto entre Guatemala y M\u00e9xico as\u00ed como la uni\u00f3n aduanera dominan agenda. La reuni\u00f3n del Consejo de Ministros de Integraci\u00f3n Econ\u00f3mica de Centroam\u00e9rica (COMIECO) se lleva a cabo este d\u00eda, en el marco&#46;&#46;&#46;<\/p>\n","protected":false},"author":1,"featured_media":0,"comment_status":"open","ping_status":"closed","sticky":false,"template":"","format":"standard","meta":{"footnotes":""},"categories":[47],"tags":[96,3042],"class_list":["post-19472","post","type-post","status-publish","format-standard","hentry","category-integracion-centroamericana","tag-comieco","tag-consejo-de-ministros-de-integracion-economica-de-centroamerica"],"_links":{"self":[{"href":"https:\/\/copades.com\/monec\/index.php?rest_route=\/wp\/v2\/posts\/19472","targetHints":{"allow":["GET"]}}],"collection":[{"href":"https:\/\/copades.com\/monec\/index.php?rest_route=\/wp\/v2\/posts"}],"about":[{"href":"https:\/\/copades.com\/monec\/index.php?rest_route=\/wp\/v2\/types\/post"}],"author":[{"embeddable":true,"href":"https:\/\/copades.com\/monec\/index.php?rest_route=\/wp\/v2\/users\/1"}],"replies":[{"embeddable":true,"href":"https:\/\/copades.com\/monec\/index.php?rest_route=%2Fwp%2Fv2%2Fcomments&post=19472"}],"version-history":[{"count":1,"href":"https:\/\/copades.com\/monec\/index.php?rest_route=\/wp\/v2\/posts\/19472\/revisions"}],"predecessor-version":[{"id":19473,"href":"https:\/\/copades.com\/monec\/index.php?rest_route=\/wp\/v2\/posts\/19472\/revisions\/19473"}],"wp:attachment":[{"href":"https:\/\/copades.com\/monec\/index.php?rest_route=%2Fwp%2Fv2%2Fmedia&parent=19472"}],"wp:term":[{"taxonomy":"category","embeddable":true,"href":"https:\/\/copades.com\/monec\/index.php?rest_route=%2Fwp%2Fv2%2Fcategories&post=19472"},{"taxonomy":"post_tag","embeddable":true,"href":"https:\/\/copades.com\/monec\/index.php?rest_route=%2Fwp%2Fv2%2Ftags&post=19472"}],"curies":[{"name":"wp","href":"https:\/\/api.w.org\/{rel}","templated":true}]}}