{"id":19474,"date":"2015-06-25T17:08:26","date_gmt":"2015-06-25T17:08:26","guid":{"rendered":"http:\/\/copades.com\/monec\/?p=19474"},"modified":"2015-06-25T17:08:26","modified_gmt":"2015-06-25T17:08:26","slug":"la-region-le-apostara-a-la-economia-naranja","status":"publish","type":"post","link":"https:\/\/copades.com\/monec\/?p=19474","title":{"rendered":"La regi\u00f3n le apostar\u00e1 a la econom\u00eda naranja"},"content":{"rendered":"<p style=\"text-align: justify;\">Un mejor aprovechamiento de la literatura, las artes, la industria creativa y audiovisual, elementos que conforman la econom\u00eda naranja, es la nueva apuesta de Centroam\u00e9rica para lograr un mayor crecimiento en los pr\u00f3ximos a\u00f1os. Los potenciales y beneficios que puede generar una mayor explotaci\u00f3n de la econom\u00eda naranja fue el tema que <strong>Felipe Buitrago Restrepo<\/strong>, consultor del Banco Interamericano de Desarrollo, abord\u00f3 ayer durante el Primer Foro Regional de Integraci\u00f3n Econ\u00f3mica que organiz\u00f3 Guatemala por ostentar la Presidencia Pro T\u00e9mpore del Subsistema de Integraci\u00f3n Econ\u00f3mica Centroamericana. \u201cLa regi\u00f3n podr\u00eda incrementar su talento creativo en la siguiente d\u00e9cada para alcanzar un Producto Interno Bruto (PIB) que podr\u00eda compararse con los US $8.8 billones (Q487 billones) de China\u201d, manifest\u00f3 <strong>Gisela Vergara<\/strong>, titular de la Secretar\u00eda de Integraci\u00f3n Econ\u00f3mica Centroamericana (SIECA). (Diario de Centro Am\u00e9rica 25.06.15)<\/p>\n","protected":false},"excerpt":{"rendered":"<p>Un mejor aprovechamiento de la literatura, las artes, la industria creativa y audiovisual, elementos que conforman la econom\u00eda naranja, es la nueva apuesta de Centroam\u00e9rica para lograr un mayor crecimiento en los pr\u00f3ximos a\u00f1os.&#46;&#46;&#46;<\/p>\n","protected":false},"author":1,"featured_media":0,"comment_status":"open","ping_status":"closed","sticky":false,"template":"","format":"standard","meta":{"footnotes":""},"categories":[47],"tags":[2560,88,3043,456],"class_list":["post-19474","post","type-post","status-publish","format-standard","hentry","category-integracion-centroamericana","tag-banco-interamericano-de-desarrollo","tag-centroamerica","tag-secretaria-de-investigacion-economica-centroamericana","tag-sieca"],"_links":{"self":[{"href":"https:\/\/copades.com\/monec\/index.php?rest_route=\/wp\/v2\/posts\/19474","targetHints":{"allow":["GET"]}}],"collection":[{"href":"https:\/\/copades.com\/monec\/index.php?rest_route=\/wp\/v2\/posts"}],"about":[{"href":"https:\/\/copades.com\/monec\/index.php?rest_route=\/wp\/v2\/types\/post"}],"author":[{"embeddable":true,"href":"https:\/\/copades.com\/monec\/index.php?rest_route=\/wp\/v2\/users\/1"}],"replies":[{"embeddable":true,"href":"https:\/\/copades.com\/monec\/index.php?rest_route=%2Fwp%2Fv2%2Fcomments&post=19474"}],"version-history":[{"count":1,"href":"https:\/\/copades.com\/monec\/index.php?rest_route=\/wp\/v2\/posts\/19474\/revisions"}],"predecessor-version":[{"id":19475,"href":"https:\/\/copades.com\/monec\/index.php?rest_route=\/wp\/v2\/posts\/19474\/revisions\/19475"}],"wp:attachment":[{"href":"https:\/\/copades.com\/monec\/index.php?rest_route=%2Fwp%2Fv2%2Fmedia&parent=19474"}],"wp:term":[{"taxonomy":"category","embeddable":true,"href":"https:\/\/copades.com\/monec\/index.php?rest_route=%2Fwp%2Fv2%2Fcategories&post=19474"},{"taxonomy":"post_tag","embeddable":true,"href":"https:\/\/copades.com\/monec\/index.php?rest_route=%2Fwp%2Fv2%2Ftags&post=19474"}],"curies":[{"name":"wp","href":"https:\/\/api.w.org\/{rel}","templated":true}]}}