{"id":20095,"date":"2015-07-21T17:02:20","date_gmt":"2015-07-21T17:02:20","guid":{"rendered":"http:\/\/copades.com\/monec\/?p=20095"},"modified":"2015-07-21T17:02:20","modified_gmt":"2015-07-21T17:02:20","slug":"guatemala-gana-en-la-omc-demanda-contra-peruanos","status":"publish","type":"post","link":"https:\/\/copades.com\/monec\/?p=20095","title":{"rendered":"Guatemala gana en la OMC demanda contra peruanos"},"content":{"rendered":"<p style=\"text-align: justify;\">El \u00d3rgano de Apelaci\u00f3n que conoci\u00f3 en Suiza una demanda planteada por Guatemala contra Per\u00fa da la raz\u00f3n al pa\u00eds en su reclamo, y determin\u00f3 que la franja de precios que el pa\u00eds sudamericano aplica a las importaciones de arroz, az\u00facar, ma\u00edz y algunos l\u00e1cteos nacionales es incompatible con los acuerdos suscritos con la Organizaci\u00f3n Mundial del Comercio (OMC). <strong>Sergio de la Torre<\/strong>, ministro de esta cartera, dijo que \u201ceste tipo de mecanismos son muy \u00fatiles para la resoluci\u00f3n de controversias comerciales entre los pa\u00edses sin importar el tama\u00f1o de sus econom\u00edas\u201d. El informe del Grupo Especial y del \u00d3rgano de Apelaci\u00f3n ser\u00e1 adoptado por el \u00d3rgano de Soluci\u00f3n de Diferencias de la OMC en una sesi\u00f3n especial solicitada por Guatemala, el viernes 31 de julio de 2015, inform\u00f3 el MINECO. (Siglo 21\/Diario de Centro Am\u00e9rica\/El Peri\u00f3dico\/Prensa Libre 21.07.15)<\/p>\n","protected":false},"excerpt":{"rendered":"<p>El \u00d3rgano de Apelaci\u00f3n que conoci\u00f3 en Suiza una demanda planteada por Guatemala contra Per\u00fa da la raz\u00f3n al pa\u00eds en su reclamo, y determin\u00f3 que la franja de precios que el pa\u00eds sudamericano&#46;&#46;&#46;<\/p>\n","protected":false},"author":1,"featured_media":0,"comment_status":"open","ping_status":"closed","sticky":false,"template":"","format":"standard","meta":{"footnotes":""},"categories":[24,25],"tags":[78,258],"class_list":["post-20095","post","type-post","status-publish","format-standard","hentry","category-comercio-exterior","category-comercio-exterior-3","tag-mineco","tag-omc"],"_links":{"self":[{"href":"https:\/\/copades.com\/monec\/index.php?rest_route=\/wp\/v2\/posts\/20095","targetHints":{"allow":["GET"]}}],"collection":[{"href":"https:\/\/copades.com\/monec\/index.php?rest_route=\/wp\/v2\/posts"}],"about":[{"href":"https:\/\/copades.com\/monec\/index.php?rest_route=\/wp\/v2\/types\/post"}],"author":[{"embeddable":true,"href":"https:\/\/copades.com\/monec\/index.php?rest_route=\/wp\/v2\/users\/1"}],"replies":[{"embeddable":true,"href":"https:\/\/copades.com\/monec\/index.php?rest_route=%2Fwp%2Fv2%2Fcomments&post=20095"}],"version-history":[{"count":1,"href":"https:\/\/copades.com\/monec\/index.php?rest_route=\/wp\/v2\/posts\/20095\/revisions"}],"predecessor-version":[{"id":20096,"href":"https:\/\/copades.com\/monec\/index.php?rest_route=\/wp\/v2\/posts\/20095\/revisions\/20096"}],"wp:attachment":[{"href":"https:\/\/copades.com\/monec\/index.php?rest_route=%2Fwp%2Fv2%2Fmedia&parent=20095"}],"wp:term":[{"taxonomy":"category","embeddable":true,"href":"https:\/\/copades.com\/monec\/index.php?rest_route=%2Fwp%2Fv2%2Fcategories&post=20095"},{"taxonomy":"post_tag","embeddable":true,"href":"https:\/\/copades.com\/monec\/index.php?rest_route=%2Fwp%2Fv2%2Ftags&post=20095"}],"curies":[{"name":"wp","href":"https:\/\/api.w.org\/{rel}","templated":true}]}}