{"id":20892,"date":"2015-08-26T18:33:16","date_gmt":"2015-08-26T18:33:16","guid":{"rendered":"http:\/\/copades.com\/monec\/?p=20892"},"modified":"2015-08-26T18:33:16","modified_gmt":"2015-08-26T18:33:16","slug":"presentan-proyecto-inmobiliario-corporativo-forum-zona-viva","status":"publish","type":"post","link":"https:\/\/copades.com\/monec\/?p=20892","title":{"rendered":"Presentan proyecto inmobiliario corporativo Forum Zona Viva"},"content":{"rendered":"<p style=\"text-align: justify;\">Ejecutivos de Inmobiliaria Media Luna, Studio Domus, Pucom y Sphera presentaron el proyecto inmobiliario corporativo Forum Zona Viva el cual medir\u00e1 48 mil metros cuadrados, generando un corredor de negocios que comunicar\u00e1 la 2a. y 3a. avenidas de la zona 10 y que dispondr\u00e1 de siete s\u00f3tanos para unos 700 estacionamientos de veh\u00edculos y dos torres de 8 y 11 niveles. Se espera una inversi\u00f3n de m\u00e1s de $25 millones generando m\u00e1s de 3,500 empleos en dos a\u00f1os que durar\u00e1 la construcci\u00f3n, lo que impactar\u00e1 de manera positiva a la econom\u00eda del pa\u00eds. <strong>Pelayo Llarena<\/strong>, de Pucom, Project Manager de Forum Zona Viva y presidente de la C\u00e1mara de Construcci\u00f3n, se\u00f1al\u00f3 que este sector prev\u00e9 un crecimiento del 3% este a\u00f1o, superando la previsi\u00f3n inicial de un incremento de 2.8%. (Siglo 21 26.08.15)<\/p>\n","protected":false},"excerpt":{"rendered":"<p>Ejecutivos de Inmobiliaria Media Luna, Studio Domus, Pucom y Sphera presentaron el proyecto inmobiliario corporativo Forum Zona Viva el cual medir\u00e1 48 mil metros cuadrados, generando un corredor de negocios que comunicar\u00e1 la 2a.&#46;&#46;&#46;<\/p>\n","protected":false},"author":1,"featured_media":0,"comment_status":"open","ping_status":"closed","sticky":false,"template":"","format":"standard","meta":{"footnotes":""},"categories":[5,11],"tags":[3373,3372],"class_list":["post-20892","post","type-post","status-publish","format-standard","hentry","category-actividad-productiva","category-construccion-e-infraestructura","tag-camara-de-construccion","tag-zona-viva"],"_links":{"self":[{"href":"https:\/\/copades.com\/monec\/index.php?rest_route=\/wp\/v2\/posts\/20892","targetHints":{"allow":["GET"]}}],"collection":[{"href":"https:\/\/copades.com\/monec\/index.php?rest_route=\/wp\/v2\/posts"}],"about":[{"href":"https:\/\/copades.com\/monec\/index.php?rest_route=\/wp\/v2\/types\/post"}],"author":[{"embeddable":true,"href":"https:\/\/copades.com\/monec\/index.php?rest_route=\/wp\/v2\/users\/1"}],"replies":[{"embeddable":true,"href":"https:\/\/copades.com\/monec\/index.php?rest_route=%2Fwp%2Fv2%2Fcomments&post=20892"}],"version-history":[{"count":1,"href":"https:\/\/copades.com\/monec\/index.php?rest_route=\/wp\/v2\/posts\/20892\/revisions"}],"predecessor-version":[{"id":20893,"href":"https:\/\/copades.com\/monec\/index.php?rest_route=\/wp\/v2\/posts\/20892\/revisions\/20893"}],"wp:attachment":[{"href":"https:\/\/copades.com\/monec\/index.php?rest_route=%2Fwp%2Fv2%2Fmedia&parent=20892"}],"wp:term":[{"taxonomy":"category","embeddable":true,"href":"https:\/\/copades.com\/monec\/index.php?rest_route=%2Fwp%2Fv2%2Fcategories&post=20892"},{"taxonomy":"post_tag","embeddable":true,"href":"https:\/\/copades.com\/monec\/index.php?rest_route=%2Fwp%2Fv2%2Ftags&post=20892"}],"curies":[{"name":"wp","href":"https:\/\/api.w.org\/{rel}","templated":true}]}}