{"id":21343,"date":"2015-09-16T19:02:36","date_gmt":"2015-09-16T19:02:36","guid":{"rendered":"http:\/\/copades.com\/monec\/?p=21343"},"modified":"2015-09-16T19:02:36","modified_gmt":"2015-09-16T19:02:36","slug":"sat-enmienda-procedimiento","status":"publish","type":"post","link":"https:\/\/copades.com\/monec\/?p=21343","title":{"rendered":"SAT enmienda procedimiento"},"content":{"rendered":"<p style=\"text-align: justify;\">El Directorio de la Superintendencia de Administraci\u00f3n Tributaria (SAT) enmend\u00f3 el procedimiento por el cual se estableci\u00f3 una tabla de gradaci\u00f3n para definir qui\u00e9n cumple con los requisitos o no para aspirar al cargo de superintendente. Ello es resultado de un recurso de revisi\u00f3n planteado por los candidatos a dicho puesto en la convocatoria efectuada en mayo pasado, tras la captura de <strong>Omar Franco<\/strong>.La SAT inform\u00f3, de manera escueta, que \u201cel Directorio revis\u00f3 el procedimiento efectuado y consider\u00f3 procedente enmendarlo, en virtud de que al realizar la convocatoria no se hicieron del conocimiento de los participantes los aspectos a evaluar y su ponderaci\u00f3n, as\u00ed como la calificaci\u00f3n requerida para determinar los candidatos con los resultados m\u00e1s altos para ser incluidos en la terna\u201d. Agreg\u00f3 que los expedientes de los tres participantes que ya presentaron documentaci\u00f3n, se informa que estos ser\u00e1n tomados en cuenta en la nueva convocatoria que se realice. (Siglo 21 15.09.15)<\/p>\n","protected":false},"excerpt":{"rendered":"<p>El Directorio de la Superintendencia de Administraci\u00f3n Tributaria (SAT) enmend\u00f3 el procedimiento por el cual se estableci\u00f3 una tabla de gradaci\u00f3n para definir qui\u00e9n cumple con los requisitos o no para aspirar al cargo&#46;&#46;&#46;<\/p>\n","protected":false},"author":1,"featured_media":0,"comment_status":"open","ping_status":"closed","sticky":false,"template":"","format":"standard","meta":{"footnotes":""},"categories":[41,39],"tags":[79,2998],"class_list":["post-21343","post","type-post","status-publish","format-standard","hentry","category-finanzas-publicas","category-sector-publico","tag-sat","tag-superintendencia-de-administracion-tributaria"],"_links":{"self":[{"href":"https:\/\/copades.com\/monec\/index.php?rest_route=\/wp\/v2\/posts\/21343","targetHints":{"allow":["GET"]}}],"collection":[{"href":"https:\/\/copades.com\/monec\/index.php?rest_route=\/wp\/v2\/posts"}],"about":[{"href":"https:\/\/copades.com\/monec\/index.php?rest_route=\/wp\/v2\/types\/post"}],"author":[{"embeddable":true,"href":"https:\/\/copades.com\/monec\/index.php?rest_route=\/wp\/v2\/users\/1"}],"replies":[{"embeddable":true,"href":"https:\/\/copades.com\/monec\/index.php?rest_route=%2Fwp%2Fv2%2Fcomments&post=21343"}],"version-history":[{"count":1,"href":"https:\/\/copades.com\/monec\/index.php?rest_route=\/wp\/v2\/posts\/21343\/revisions"}],"predecessor-version":[{"id":21344,"href":"https:\/\/copades.com\/monec\/index.php?rest_route=\/wp\/v2\/posts\/21343\/revisions\/21344"}],"wp:attachment":[{"href":"https:\/\/copades.com\/monec\/index.php?rest_route=%2Fwp%2Fv2%2Fmedia&parent=21343"}],"wp:term":[{"taxonomy":"category","embeddable":true,"href":"https:\/\/copades.com\/monec\/index.php?rest_route=%2Fwp%2Fv2%2Fcategories&post=21343"},{"taxonomy":"post_tag","embeddable":true,"href":"https:\/\/copades.com\/monec\/index.php?rest_route=%2Fwp%2Fv2%2Ftags&post=21343"}],"curies":[{"name":"wp","href":"https:\/\/api.w.org\/{rel}","templated":true}]}}