{"id":21714,"date":"2015-10-08T17:10:22","date_gmt":"2015-10-08T17:10:22","guid":{"rendered":"http:\/\/copades.com\/monec\/?p=21714"},"modified":"2015-10-08T17:10:22","modified_gmt":"2015-10-08T17:10:22","slug":"candidatos-fijan-postura-sobre-tema-agricola","status":"publish","type":"post","link":"https:\/\/copades.com\/monec\/?p=21714","title":{"rendered":"Candidatos fijan postura sobre tema agr\u00edcola"},"content":{"rendered":"<p style=\"text-align: justify;\">La gran cantidad de trabajadores que no re\u00fanen la calificaci\u00f3n necesaria para laborar en el Ministerio de Agricultura, Ganader\u00eda y Alimentaci\u00f3n (Maga) fue cuestionada ayer durante un foro pol\u00edtico organizado por la Gremial de Proveedores de Insumos Agr\u00edcolas (Gremiagro). Durante la reuni\u00f3n, <strong>Pietro D\u00edaz<\/strong>, del equipo t\u00e9cnico agr\u00edcola del Partido Nacional de la Esperanza (UNE), dijo que c\u00e1lculos de esta organizaci\u00f3n pol\u00edtica refieren que una cuarta parte de los aproximadamente 4 mil empleados del Maga, no llena los requisitos m\u00ednimos para laborar en dicha dependencia. D\u00edaz refiri\u00f3 que los recursos financieros para pagar a ese 25% de trabajadores podr\u00edan ser destinados a otras prioridades. Seg\u00fan D\u00edaz, el Maga debe dejar de ser un ministerio en donde m\u00e1s de la mitad de sus t\u00e9cnicos est\u00e9n en las oficinas centrales y se conviertan en una entidad descentralizada, pues su objetivo meta est\u00e1 en el campo. Consultado v\u00eda telef\u00f3nica por Prensa Libre, <strong>David Casta\u00f1\u00f3n<\/strong>, asesor agr\u00edcola de FCN-Naci\u00f3n, dijo que dentro de su programa agr\u00edcola se priorizar\u00e1 la atenci\u00f3n t\u00e9cnica a un grupo de entre 600 mil 700 mil peque\u00f1os y medianos productores. El objetivo refiri\u00f3 es apoyar su crecimiento en proyectos de riego, sistemas de conservaci\u00f3n de suelos y t\u00e9cnicas para mejorar la producci\u00f3n. En el caso de los fertilizantes, indic\u00f3 se focalizar\u00e1 a los m\u00e1s necesitados y con potencial productor. (Prensa Libre 08.10.15)<\/p>\n","protected":false},"excerpt":{"rendered":"<p>La gran cantidad de trabajadores que no re\u00fanen la calificaci\u00f3n necesaria para laborar en el Ministerio de Agricultura, Ganader\u00eda y Alimentaci\u00f3n (Maga) fue cuestionada ayer durante un foro pol\u00edtico organizado por la Gremial de&#46;&#46;&#46;<\/p>\n","protected":false},"author":1,"featured_media":0,"comment_status":"open","ping_status":"closed","sticky":false,"template":"","format":"standard","meta":{"footnotes":""},"categories":[5,10],"tags":[3615,3614,289,990,3009],"class_list":["post-21714","post","type-post","status-publish","format-standard","hentry","category-actividad-productiva","category-agricultura","tag-gremiagro","tag-gremial-de-proveedores-de-insumos-agricolas","tag-maga","tag-ministerio-de-agricultura","tag-ministerio-de-agricultura-ganaderia-y-alimentacion"],"_links":{"self":[{"href":"https:\/\/copades.com\/monec\/index.php?rest_route=\/wp\/v2\/posts\/21714","targetHints":{"allow":["GET"]}}],"collection":[{"href":"https:\/\/copades.com\/monec\/index.php?rest_route=\/wp\/v2\/posts"}],"about":[{"href":"https:\/\/copades.com\/monec\/index.php?rest_route=\/wp\/v2\/types\/post"}],"author":[{"embeddable":true,"href":"https:\/\/copades.com\/monec\/index.php?rest_route=\/wp\/v2\/users\/1"}],"replies":[{"embeddable":true,"href":"https:\/\/copades.com\/monec\/index.php?rest_route=%2Fwp%2Fv2%2Fcomments&post=21714"}],"version-history":[{"count":1,"href":"https:\/\/copades.com\/monec\/index.php?rest_route=\/wp\/v2\/posts\/21714\/revisions"}],"predecessor-version":[{"id":21715,"href":"https:\/\/copades.com\/monec\/index.php?rest_route=\/wp\/v2\/posts\/21714\/revisions\/21715"}],"wp:attachment":[{"href":"https:\/\/copades.com\/monec\/index.php?rest_route=%2Fwp%2Fv2%2Fmedia&parent=21714"}],"wp:term":[{"taxonomy":"category","embeddable":true,"href":"https:\/\/copades.com\/monec\/index.php?rest_route=%2Fwp%2Fv2%2Fcategories&post=21714"},{"taxonomy":"post_tag","embeddable":true,"href":"https:\/\/copades.com\/monec\/index.php?rest_route=%2Fwp%2Fv2%2Ftags&post=21714"}],"curies":[{"name":"wp","href":"https:\/\/api.w.org\/{rel}","templated":true}]}}