{"id":22302,"date":"2015-11-05T18:01:50","date_gmt":"2015-11-05T18:01:50","guid":{"rendered":"http:\/\/copades.com\/monec\/?p=22302"},"modified":"2015-11-05T18:01:50","modified_gmt":"2015-11-05T18:01:50","slug":"recomiendan-no-sesgar-exenciones","status":"publish","type":"post","link":"https:\/\/copades.com\/monec\/?p=22302","title":{"rendered":"Recomiendan no sesgar exenciones"},"content":{"rendered":"<p style=\"text-align: justify;\">Que el Congreso analice detenidamente la iniciativa de Ley Emergente para la Conservaci\u00f3n de Empleo, para que no vaya a sesgarse el beneficio, sugieren expertos, luego de que el texto fue entregado el pasado martes por el ministro de Econom\u00eda, <strong>Jorge M\u00e9ndez<\/strong>, y el vicepresidente de la Asociaci\u00f3n Guatemalteca de Exportadores, <strong>Antonio Malouf<\/strong>. La propuesta busca sustituir los decretos 29-89, Ley de Fomento y Desarrollo de la Actividad Exportadora y Maquila, y 65-89, Ley de Zonas Francas, para cumplir con los compromisos contra\u00eddos ante la Organizaci\u00f3n Mundial del Comercio (OMC). <strong>Hugo Ma\u00fal<\/strong>, director del \u00c1rea Econ\u00f3mica del Centro de Estudios Econ\u00f3micos Nacionales (CIEN), considera que la iniciativa es similar a la de inversi\u00f3n y empleo que est\u00e1 engavetada en el Legislativo y \u201cabarca a sectores con potencial comprobado en alg\u00fan indicador clave para la econom\u00eda, tales como el de vestuario y textiles para la exportaci\u00f3n y el de los call centers, que son generadores de empleo no agr\u00edcola formal del pa\u00eds\u201d. (Siglo 21 05.11.15)<\/p>\n","protected":false},"excerpt":{"rendered":"<p>Que el Congreso analice detenidamente la iniciativa de Ley Emergente para la Conservaci\u00f3n de Empleo, para que no vaya a sesgarse el beneficio, sugieren expertos, luego de que el texto fue entregado el pasado&#46;&#46;&#46;<\/p>\n","protected":false},"author":1,"featured_media":0,"comment_status":"open","ping_status":"closed","sticky":false,"template":"","format":"standard","meta":{"footnotes":""},"categories":[4],"tags":[1628,3771,3770,2120,3769,2930],"class_list":["post-22302","post","type-post","status-publish","format-standard","hentry","category-actividad-legislativa","tag-asociacion-guatemalteca-de-exportadores","tag-centro-de-estudios-economicos-nacionales","tag-ley-de-fomento-y-desarrollo-de-la-actividad-exportadora-y-maquila","tag-ley-de-zonas-francas","tag-ley-emergente-para-la-conservacion-de-empleo","tag-organizacion-mundial-del-comercio"],"_links":{"self":[{"href":"https:\/\/copades.com\/monec\/index.php?rest_route=\/wp\/v2\/posts\/22302","targetHints":{"allow":["GET"]}}],"collection":[{"href":"https:\/\/copades.com\/monec\/index.php?rest_route=\/wp\/v2\/posts"}],"about":[{"href":"https:\/\/copades.com\/monec\/index.php?rest_route=\/wp\/v2\/types\/post"}],"author":[{"embeddable":true,"href":"https:\/\/copades.com\/monec\/index.php?rest_route=\/wp\/v2\/users\/1"}],"replies":[{"embeddable":true,"href":"https:\/\/copades.com\/monec\/index.php?rest_route=%2Fwp%2Fv2%2Fcomments&post=22302"}],"version-history":[{"count":1,"href":"https:\/\/copades.com\/monec\/index.php?rest_route=\/wp\/v2\/posts\/22302\/revisions"}],"predecessor-version":[{"id":22303,"href":"https:\/\/copades.com\/monec\/index.php?rest_route=\/wp\/v2\/posts\/22302\/revisions\/22303"}],"wp:attachment":[{"href":"https:\/\/copades.com\/monec\/index.php?rest_route=%2Fwp%2Fv2%2Fmedia&parent=22302"}],"wp:term":[{"taxonomy":"category","embeddable":true,"href":"https:\/\/copades.com\/monec\/index.php?rest_route=%2Fwp%2Fv2%2Fcategories&post=22302"},{"taxonomy":"post_tag","embeddable":true,"href":"https:\/\/copades.com\/monec\/index.php?rest_route=%2Fwp%2Fv2%2Ftags&post=22302"}],"curies":[{"name":"wp","href":"https:\/\/api.w.org\/{rel}","templated":true}]}}