{"id":22304,"date":"2015-11-05T18:03:28","date_gmt":"2015-11-05T18:03:28","guid":{"rendered":"http:\/\/copades.com\/monec\/?p=22304"},"modified":"2015-11-05T18:03:28","modified_gmt":"2015-11-05T18:03:28","slug":"aplazan-la-vigencia-del-cambio-a-subsidio","status":"publish","type":"post","link":"https:\/\/copades.com\/monec\/?p=22304","title":{"rendered":"Aplazan la vigencia del cambio a subsidio"},"content":{"rendered":"<p style=\"text-align: justify;\">El Consejo Directivo del Instituto Nacional de Electrificaci\u00f3n (INDE) vot\u00f3, de manera mayoritaria este martes, a favor de prorrogar por un mes la entrada en vigencia de las modificaciones al subsidio en el consumo de energ\u00eda el\u00e9ctrica para los usuarios de tarifa social. El Gobierno tendr\u00e1 hasta el 1 de diciembre para analizar estos cambios y buscar alternativas de manera que los consumidores no vean afectados sus bolsillos, inform\u00f3 el presidente de la Rep\u00fablica, <strong>Alejandro Maldonado<\/strong>. \u201cLa nueva tabla de precios de energ\u00eda entrar\u00e1 en vigor en diciembre y no en noviembre\u201d, anunci\u00f3 Maldonado. Durante este tiempo el mandatario estudiar\u00e1 la justificaci\u00f3n del Consejo del INDE para aumentar los precios por consumo, obtener otros aportes de investigaci\u00f3n t\u00e9cnica de la Universidad de San Carlos, y proponer alternativas en la tarifa. (Siglo 21\/El Peri\u00f3dico\/Prensa Libre 05.11.15)<\/p>\n","protected":false},"excerpt":{"rendered":"<p>El Consejo Directivo del Instituto Nacional de Electrificaci\u00f3n (INDE) vot\u00f3, de manera mayoritaria este martes, a favor de prorrogar por un mes la entrada en vigencia de las modificaciones al subsidio en el consumo&#46;&#46;&#46;<\/p>\n","protected":false},"author":1,"featured_media":0,"comment_status":"open","ping_status":"closed","sticky":false,"template":"","format":"standard","meta":{"footnotes":""},"categories":[5,14],"tags":[292,3508],"class_list":["post-22304","post","type-post","status-publish","format-standard","hentry","category-actividad-productiva","category-energia-electrica","tag-inde","tag-instituto-nacional-de-electrificacion"],"_links":{"self":[{"href":"https:\/\/copades.com\/monec\/index.php?rest_route=\/wp\/v2\/posts\/22304","targetHints":{"allow":["GET"]}}],"collection":[{"href":"https:\/\/copades.com\/monec\/index.php?rest_route=\/wp\/v2\/posts"}],"about":[{"href":"https:\/\/copades.com\/monec\/index.php?rest_route=\/wp\/v2\/types\/post"}],"author":[{"embeddable":true,"href":"https:\/\/copades.com\/monec\/index.php?rest_route=\/wp\/v2\/users\/1"}],"replies":[{"embeddable":true,"href":"https:\/\/copades.com\/monec\/index.php?rest_route=%2Fwp%2Fv2%2Fcomments&post=22304"}],"version-history":[{"count":1,"href":"https:\/\/copades.com\/monec\/index.php?rest_route=\/wp\/v2\/posts\/22304\/revisions"}],"predecessor-version":[{"id":22305,"href":"https:\/\/copades.com\/monec\/index.php?rest_route=\/wp\/v2\/posts\/22304\/revisions\/22305"}],"wp:attachment":[{"href":"https:\/\/copades.com\/monec\/index.php?rest_route=%2Fwp%2Fv2%2Fmedia&parent=22304"}],"wp:term":[{"taxonomy":"category","embeddable":true,"href":"https:\/\/copades.com\/monec\/index.php?rest_route=%2Fwp%2Fv2%2Fcategories&post=22304"},{"taxonomy":"post_tag","embeddable":true,"href":"https:\/\/copades.com\/monec\/index.php?rest_route=%2Fwp%2Fv2%2Ftags&post=22304"}],"curies":[{"name":"wp","href":"https:\/\/api.w.org\/{rel}","templated":true}]}}