{"id":22652,"date":"2015-11-20T17:37:06","date_gmt":"2015-11-20T17:37:06","guid":{"rendered":"http:\/\/copades.com\/monec\/?p=22652"},"modified":"2015-11-20T17:37:06","modified_gmt":"2015-11-20T17:37:06","slug":"sat-y-minfin-rechazan-iniciativa-4997","status":"publish","type":"post","link":"https:\/\/copades.com\/monec\/?p=22652","title":{"rendered":"SAT y MINFIN rechazan Iniciativa 4997"},"content":{"rendered":"<p style=\"text-align: justify;\">La propuesta contiene disposiciones que tendr\u00edan efectos negativos para el sistema tributario, seg\u00fan el an\u00e1lisis elaborado por el ente recaudador. La Superintendencia de Administraci\u00f3n Tributaria (SAT) y el Ministerio de Finanzas P\u00fablicas (MINFIN) rechazan las nuevas disposiciones que se pretenden incluir en la Iniciativa 4997: Ley Emergente para la Conservaci\u00f3n del Empleo y dem\u00e1s temas conexos, presentada por el Ministerio de Econom\u00eda (MINECO) la primera semana de noviembre. En un oficio del superintendente interino <strong>Francisco Rivera<\/strong> se da el pronunciamiento desfavorable para la propuesta. El documento se\u00f1ala que la iniciativa generar\u00eda distorsiones en la recaudaci\u00f3n tributaria y se corre el riesgo de que la Organizaci\u00f3n Mundial del Comercio (OMC) se\u00f1ale al pa\u00eds por el incumplimiento de eliminar las subvenciones a las exportaciones. (El Peri\u00f3dico 20.11.15)<\/p>\n","protected":false},"excerpt":{"rendered":"<p>La propuesta contiene disposiciones que tendr\u00edan efectos negativos para el sistema tributario, seg\u00fan el an\u00e1lisis elaborado por el ente recaudador. La Superintendencia de Administraci\u00f3n Tributaria (SAT) y el Ministerio de Finanzas P\u00fablicas (MINFIN) rechazan&#46;&#46;&#46;<\/p>\n","protected":false},"author":1,"featured_media":0,"comment_status":"open","ping_status":"closed","sticky":false,"template":"","format":"standard","meta":{"footnotes":""},"categories":[4],"tags":[3789,78,206,2261,819,258,2930,79,2998],"class_list":["post-22652","post","type-post","status-publish","format-standard","hentry","category-actividad-legislativa","tag-ley-emergente-para-la-conservacion-del-empleo","tag-mineco","tag-minfin","tag-ministerio-de-economia","tag-ministerio-de-finanzas-publicas","tag-omc","tag-organizacion-mundial-del-comercio","tag-sat","tag-superintendencia-de-administracion-tributaria"],"_links":{"self":[{"href":"https:\/\/copades.com\/monec\/index.php?rest_route=\/wp\/v2\/posts\/22652","targetHints":{"allow":["GET"]}}],"collection":[{"href":"https:\/\/copades.com\/monec\/index.php?rest_route=\/wp\/v2\/posts"}],"about":[{"href":"https:\/\/copades.com\/monec\/index.php?rest_route=\/wp\/v2\/types\/post"}],"author":[{"embeddable":true,"href":"https:\/\/copades.com\/monec\/index.php?rest_route=\/wp\/v2\/users\/1"}],"replies":[{"embeddable":true,"href":"https:\/\/copades.com\/monec\/index.php?rest_route=%2Fwp%2Fv2%2Fcomments&post=22652"}],"version-history":[{"count":1,"href":"https:\/\/copades.com\/monec\/index.php?rest_route=\/wp\/v2\/posts\/22652\/revisions"}],"predecessor-version":[{"id":22653,"href":"https:\/\/copades.com\/monec\/index.php?rest_route=\/wp\/v2\/posts\/22652\/revisions\/22653"}],"wp:attachment":[{"href":"https:\/\/copades.com\/monec\/index.php?rest_route=%2Fwp%2Fv2%2Fmedia&parent=22652"}],"wp:term":[{"taxonomy":"category","embeddable":true,"href":"https:\/\/copades.com\/monec\/index.php?rest_route=%2Fwp%2Fv2%2Fcategories&post=22652"},{"taxonomy":"post_tag","embeddable":true,"href":"https:\/\/copades.com\/monec\/index.php?rest_route=%2Fwp%2Fv2%2Ftags&post=22652"}],"curies":[{"name":"wp","href":"https:\/\/api.w.org\/{rel}","templated":true}]}}