{"id":22843,"date":"2015-11-27T17:03:31","date_gmt":"2015-11-27T17:03:31","guid":{"rendered":"http:\/\/copades.com\/monec\/?p=22843"},"modified":"2015-11-27T17:03:31","modified_gmt":"2015-11-27T17:03:31","slug":"nuevas-empresas-pasaron-al-regimen-de-factura-electronica","status":"publish","type":"post","link":"https:\/\/copades.com\/monec\/?p=22843","title":{"rendered":"Nuevas empresas pasar\u00f3n al r\u00e9gimen de factura electr\u00f3nica"},"content":{"rendered":"<p style=\"text-align: justify;\">La SAT espera incorporar en los primeros meses del pr\u00f3ximo a\u00f1o a cerca de 2 mil contribuyentes m\u00e1s con el FACE 2. Los cambios en la normativa y en los procedimientos del r\u00e9gimen de Factura Electr\u00f3nica (FACE) est\u00e1n bajo an\u00e1lisis en el Directorio de la Superintendencia de Administraci\u00f3n Tributaria (SAT). Se espera que sean aprobados durante las pr\u00f3ximas semanas para que cobren vigencia en enero de 2016. Con el FACE 2 se implementar\u00eda una nueva versi\u00f3n en los sistemas que actualmente operan y que prestan servicio a una amplia gama de empresas y se sustituye el actual r\u00e9gimen de FACE. Para la propuesta de la nueva versi\u00f3n se busc\u00f3 el apoyo de expertos de Brasil, M\u00e9xico, Espa\u00f1a y Chile. (El Peri\u00f3dico 27.11.15)<\/p>\n","protected":false},"excerpt":{"rendered":"<p>La SAT espera incorporar en los primeros meses del pr\u00f3ximo a\u00f1o a cerca de 2 mil contribuyentes m\u00e1s con el FACE 2. Los cambios en la normativa y en los procedimientos del r\u00e9gimen de&#46;&#46;&#46;<\/p>\n","protected":false},"author":1,"featured_media":0,"comment_status":"open","ping_status":"closed","sticky":false,"template":"","format":"standard","meta":{"footnotes":""},"categories":[9,5],"tags":[3958,3957,79,2998],"class_list":["post-22843","post","type-post","status-publish","format-standard","hentry","category-actividad-productiva-actividad-productiva","category-actividad-productiva","tag-face","tag-factura-electronica","tag-sat","tag-superintendencia-de-administracion-tributaria"],"_links":{"self":[{"href":"https:\/\/copades.com\/monec\/index.php?rest_route=\/wp\/v2\/posts\/22843","targetHints":{"allow":["GET"]}}],"collection":[{"href":"https:\/\/copades.com\/monec\/index.php?rest_route=\/wp\/v2\/posts"}],"about":[{"href":"https:\/\/copades.com\/monec\/index.php?rest_route=\/wp\/v2\/types\/post"}],"author":[{"embeddable":true,"href":"https:\/\/copades.com\/monec\/index.php?rest_route=\/wp\/v2\/users\/1"}],"replies":[{"embeddable":true,"href":"https:\/\/copades.com\/monec\/index.php?rest_route=%2Fwp%2Fv2%2Fcomments&post=22843"}],"version-history":[{"count":1,"href":"https:\/\/copades.com\/monec\/index.php?rest_route=\/wp\/v2\/posts\/22843\/revisions"}],"predecessor-version":[{"id":22844,"href":"https:\/\/copades.com\/monec\/index.php?rest_route=\/wp\/v2\/posts\/22843\/revisions\/22844"}],"wp:attachment":[{"href":"https:\/\/copades.com\/monec\/index.php?rest_route=%2Fwp%2Fv2%2Fmedia&parent=22843"}],"wp:term":[{"taxonomy":"category","embeddable":true,"href":"https:\/\/copades.com\/monec\/index.php?rest_route=%2Fwp%2Fv2%2Fcategories&post=22843"},{"taxonomy":"post_tag","embeddable":true,"href":"https:\/\/copades.com\/monec\/index.php?rest_route=%2Fwp%2Fv2%2Ftags&post=22843"}],"curies":[{"name":"wp","href":"https:\/\/api.w.org\/{rel}","templated":true}]}}