{"id":23234,"date":"2016-01-04T18:54:15","date_gmt":"2016-01-04T18:54:15","guid":{"rendered":"http:\/\/copades.com\/monec\/?p=23234"},"modified":"2016-01-04T18:54:15","modified_gmt":"2016-01-04T18:54:15","slug":"siembran-mas-variedades-de-cana-de-azucar","status":"publish","type":"post","link":"https:\/\/copades.com\/monec\/?p=23234","title":{"rendered":"Siembran m\u00e1s variedades de ca\u00f1a de az\u00facar"},"content":{"rendered":"<p style=\"text-align: justify;\">El Centro Guatemalteco de Investigaci\u00f3n y Capacitaci\u00f3n de la Ca\u00f1a de Az\u00facar (CENGICA\u00d1A) revel\u00f3 el \u00faltimo censo varietal para la zafra 2015-16, y uno de los hallazgos m\u00e1s importantes fue que once variedades de ca\u00f1a de az\u00facar se cultivan comercialmente, cada uno abarca m\u00e1s del uno por ciento de \u00e1rea y entre los once ocupan el 87.3% de producci\u00f3n total. <strong>H\u00e9ctor Orozco V\u00e1squez<\/strong>, coordinador del Programa de Variedades de Cengica\u00f1a-Guatemala, inform\u00f3 que la investigaci\u00f3n se bas\u00f3 en el 79% del \u00e1rea total cultivada equivalente a 213 mil 327 hect\u00e1reas de producci\u00f3n total de ca\u00f1a de az\u00facar en Guatemala, con la colaboraci\u00f3n de todos los ingenios que forman la agroindustria azucarera guatemalteca. (Prensa Libre 04.01.16)<\/p>\n","protected":false},"excerpt":{"rendered":"<p>El Centro Guatemalteco de Investigaci\u00f3n y Capacitaci\u00f3n de la Ca\u00f1a de Az\u00facar (CENGICA\u00d1A) revel\u00f3 el \u00faltimo censo varietal para la zafra 2015-16, y uno de los hallazgos m\u00e1s importantes fue que once variedades de&#46;&#46;&#46;<\/p>\n","protected":false},"author":1,"featured_media":0,"comment_status":"open","ping_status":"closed","sticky":false,"template":"","format":"standard","meta":{"footnotes":""},"categories":[5,10],"tags":[4107,4106],"class_list":["post-23234","post","type-post","status-publish","format-standard","hentry","category-actividad-productiva","category-agricultura","tag-cengicana","tag-centro-guatemalteco-de-investigacion-y-capacitacion-de-la-cana-de-azucar"],"_links":{"self":[{"href":"https:\/\/copades.com\/monec\/index.php?rest_route=\/wp\/v2\/posts\/23234","targetHints":{"allow":["GET"]}}],"collection":[{"href":"https:\/\/copades.com\/monec\/index.php?rest_route=\/wp\/v2\/posts"}],"about":[{"href":"https:\/\/copades.com\/monec\/index.php?rest_route=\/wp\/v2\/types\/post"}],"author":[{"embeddable":true,"href":"https:\/\/copades.com\/monec\/index.php?rest_route=\/wp\/v2\/users\/1"}],"replies":[{"embeddable":true,"href":"https:\/\/copades.com\/monec\/index.php?rest_route=%2Fwp%2Fv2%2Fcomments&post=23234"}],"version-history":[{"count":1,"href":"https:\/\/copades.com\/monec\/index.php?rest_route=\/wp\/v2\/posts\/23234\/revisions"}],"predecessor-version":[{"id":23235,"href":"https:\/\/copades.com\/monec\/index.php?rest_route=\/wp\/v2\/posts\/23234\/revisions\/23235"}],"wp:attachment":[{"href":"https:\/\/copades.com\/monec\/index.php?rest_route=%2Fwp%2Fv2%2Fmedia&parent=23234"}],"wp:term":[{"taxonomy":"category","embeddable":true,"href":"https:\/\/copades.com\/monec\/index.php?rest_route=%2Fwp%2Fv2%2Fcategories&post=23234"},{"taxonomy":"post_tag","embeddable":true,"href":"https:\/\/copades.com\/monec\/index.php?rest_route=%2Fwp%2Fv2%2Ftags&post=23234"}],"curies":[{"name":"wp","href":"https:\/\/api.w.org\/{rel}","templated":true}]}}