{"id":23243,"date":"2016-01-05T15:55:07","date_gmt":"2016-01-05T15:55:07","guid":{"rendered":"http:\/\/copades.com\/monec\/?p=23243"},"modified":"2016-01-06T15:55:24","modified_gmt":"2016-01-06T15:55:24","slug":"no-daran-marcha-atras-en-tema-salarial","status":"publish","type":"post","link":"https:\/\/copades.com\/monec\/?p=23243","title":{"rendered":"No dar\u00e1n marcha atr\u00e1s en tema salarial"},"content":{"rendered":"<p style=\"text-align: justify;\">El mandatario <strong>Alejandro Maldonado<\/strong> no dar\u00e1 marcha atr\u00e1s a los acuerdos gubernativos del 31 de diciembre, que dan vida al salario m\u00ednimo diferenciado para actividades de manufactura ligera en Estanzuela, Zacapa; Masagua, Escuintla, y Guastatoya y San Agust\u00edn Acasaguastl\u00e1n, El Progreso, afirm\u00f3 el secretario de Comunicaci\u00f3n Social de la Presidencia de la Rep\u00fablica (SCSPR), <strong>Alejandro\u00a0Palmieri<\/strong>. Seg\u00fan Palmieri, el monto establecido, de Q1 mil 954.95 mensuales, es superior al que fij\u00f3 el exgobernante <strong>Otto P\u00e9rez<\/strong>, de Q1 mil 500, lo cual fue declarado inconstitucional por la Corte de Constitucionalidad (CC) en septiembre, pues \u201cese monto no permit\u00eda que un n\u00facleo familiar comprara la canasta b\u00e1sica. Los acuerdos emitidos por Maldonado acatan lo indicado por el alto tribunal\u201d. (Diario de Centroam\u00e9rica\/El Peri\u00f3dico\/Siglo 21 05.01.16)<\/p>\n","protected":false},"excerpt":{"rendered":"<p>El mandatario Alejandro Maldonado no dar\u00e1 marcha atr\u00e1s a los acuerdos gubernativos del 31 de diciembre, que dan vida al salario m\u00ednimo diferenciado para actividades de manufactura ligera en Estanzuela, Zacapa; Masagua, Escuintla, y&#46;&#46;&#46;<\/p>\n","protected":false},"author":1,"featured_media":0,"comment_status":"open","ping_status":"closed","sticky":false,"template":"","format":"standard","meta":{"footnotes":""},"categories":[49],"tags":[789,4110,2603,4111],"class_list":["post-23243","post","type-post","status-publish","format-standard","hentry","category-poblacion-empleos-y-salarios","tag-cc","tag-comunicacion-social-de-la-presidencia-de-la-republica","tag-corte-de-constitucionalidad","tag-scspr"],"_links":{"self":[{"href":"https:\/\/copades.com\/monec\/index.php?rest_route=\/wp\/v2\/posts\/23243","targetHints":{"allow":["GET"]}}],"collection":[{"href":"https:\/\/copades.com\/monec\/index.php?rest_route=\/wp\/v2\/posts"}],"about":[{"href":"https:\/\/copades.com\/monec\/index.php?rest_route=\/wp\/v2\/types\/post"}],"author":[{"embeddable":true,"href":"https:\/\/copades.com\/monec\/index.php?rest_route=\/wp\/v2\/users\/1"}],"replies":[{"embeddable":true,"href":"https:\/\/copades.com\/monec\/index.php?rest_route=%2Fwp%2Fv2%2Fcomments&post=23243"}],"version-history":[{"count":1,"href":"https:\/\/copades.com\/monec\/index.php?rest_route=\/wp\/v2\/posts\/23243\/revisions"}],"predecessor-version":[{"id":23244,"href":"https:\/\/copades.com\/monec\/index.php?rest_route=\/wp\/v2\/posts\/23243\/revisions\/23244"}],"wp:attachment":[{"href":"https:\/\/copades.com\/monec\/index.php?rest_route=%2Fwp%2Fv2%2Fmedia&parent=23243"}],"wp:term":[{"taxonomy":"category","embeddable":true,"href":"https:\/\/copades.com\/monec\/index.php?rest_route=%2Fwp%2Fv2%2Fcategories&post=23243"},{"taxonomy":"post_tag","embeddable":true,"href":"https:\/\/copades.com\/monec\/index.php?rest_route=%2Fwp%2Fv2%2Ftags&post=23243"}],"curies":[{"name":"wp","href":"https:\/\/api.w.org\/{rel}","templated":true}]}}