{"id":23713,"date":"2015-12-24T21:08:32","date_gmt":"2015-12-24T21:08:32","guid":{"rendered":"http:\/\/copades.com\/monec\/?p=23713"},"modified":"2016-01-13T21:09:54","modified_gmt":"2016-01-13T21:09:54","slug":"economia-de-el-salvador-crecera-2-5","status":"publish","type":"post","link":"https:\/\/copades.com\/monec\/?p=23713","title":{"rendered":"Econom\u00eda de El Salvador crecer\u00e1 2.5%"},"content":{"rendered":"<p style=\"text-align: justify;\">La econom\u00eda de El Salvador cerrar\u00e1 2015 con un crecimiento de 2.5%, seg\u00fan las proyecciones reveladas por el vicepresidente del pa\u00eds, \u00d3scar Ortiz, y el presidente del Banco Central de Reserva (BCR), <strong>\u00d3scar Cabrera<\/strong>. En 2014 el producto interno bruto (PIB) salvadore\u00f1o creci\u00f3 un 2%, por el \u201cimpulso\u201d de la industria manufacturera, un mayor consumo interno y el aumento de las remesas familiares. Seg\u00fan Ortiz, de cerrar con un 2.5%, el PIB superar\u00e1 el crecimiento registrado en los \u00faltimos siete a\u00f1os. (Prensa Libre 23.12.15)<\/p>\n","protected":false},"excerpt":{"rendered":"<p>La econom\u00eda de El Salvador cerrar\u00e1 2015 con un crecimiento de 2.5%, seg\u00fan las proyecciones reveladas por el vicepresidente del pa\u00eds, \u00d3scar Ortiz, y el presidente del Banco Central de Reserva (BCR), \u00d3scar Cabrera.&#46;&#46;&#46;<\/p>\n","protected":false},"author":1,"featured_media":0,"comment_status":"open","ping_status":"closed","sticky":false,"template":"","format":"standard","meta":{"footnotes":""},"categories":[54],"tags":[117,142,1564],"class_list":["post-23713","post","type-post","status-publish","format-standard","hentry","category-centroamerica-seleccion","tag-el-salvador","tag-pib","tag-producto-interno-bruto"],"_links":{"self":[{"href":"https:\/\/copades.com\/monec\/index.php?rest_route=\/wp\/v2\/posts\/23713","targetHints":{"allow":["GET"]}}],"collection":[{"href":"https:\/\/copades.com\/monec\/index.php?rest_route=\/wp\/v2\/posts"}],"about":[{"href":"https:\/\/copades.com\/monec\/index.php?rest_route=\/wp\/v2\/types\/post"}],"author":[{"embeddable":true,"href":"https:\/\/copades.com\/monec\/index.php?rest_route=\/wp\/v2\/users\/1"}],"replies":[{"embeddable":true,"href":"https:\/\/copades.com\/monec\/index.php?rest_route=%2Fwp%2Fv2%2Fcomments&post=23713"}],"version-history":[{"count":1,"href":"https:\/\/copades.com\/monec\/index.php?rest_route=\/wp\/v2\/posts\/23713\/revisions"}],"predecessor-version":[{"id":23714,"href":"https:\/\/copades.com\/monec\/index.php?rest_route=\/wp\/v2\/posts\/23713\/revisions\/23714"}],"wp:attachment":[{"href":"https:\/\/copades.com\/monec\/index.php?rest_route=%2Fwp%2Fv2%2Fmedia&parent=23713"}],"wp:term":[{"taxonomy":"category","embeddable":true,"href":"https:\/\/copades.com\/monec\/index.php?rest_route=%2Fwp%2Fv2%2Fcategories&post=23713"},{"taxonomy":"post_tag","embeddable":true,"href":"https:\/\/copades.com\/monec\/index.php?rest_route=%2Fwp%2Fv2%2Ftags&post=23713"}],"curies":[{"name":"wp","href":"https:\/\/api.w.org\/{rel}","templated":true}]}}