{"id":23715,"date":"2015-12-24T21:10:01","date_gmt":"2015-12-24T21:10:01","guid":{"rendered":"http:\/\/copades.com\/monec\/?p=23715"},"modified":"2016-01-13T21:11:17","modified_gmt":"2016-01-13T21:11:17","slug":"ampliacion-del-canal-de-panama-puede-retrasarse","status":"publish","type":"post","link":"https:\/\/copades.com\/monec\/?p=23715","title":{"rendered":"Ampliaci\u00f3n del Canal de Panam\u00e1 puede retrasarse"},"content":{"rendered":"<p style=\"text-align: justify;\">Panam\u00e1. La inauguraci\u00f3n de la ampliaci\u00f3n del Canal de Panam\u00e1 se retrasar\u00e1 seis meses si la ACP, ente p\u00fablico que administra la v\u00eda interoce\u00e1nica, no agiliza sus tr\u00e1mites burocr\u00e1ticos y pagos, asegur\u00f3 <strong>Giuseppe Quarta<\/strong>, director de GUPC, consorcio que ejecuta la obra. \u201cNosotros estamos en condiciones operativas de entregar la obra en el plazo establecido\u201d de abril pr\u00f3ximo, pero \u201cesto es imposible\u201d si la Administraci\u00f3n del Canal de Panam\u00e1 (ACP) mantiene su actual \u201critmo burocr\u00e1tico y de pagos\u201d, lo que retrasar\u00e1 al menos seis meses la inauguraci\u00f3n, explic\u00f3 en una entrevista con Efe el director de Grupo Unidos por el Canal (GUPC). (Siglo 21 23.12.15)<\/p>\n","protected":false},"excerpt":{"rendered":"<p>Panam\u00e1. La inauguraci\u00f3n de la ampliaci\u00f3n del Canal de Panam\u00e1 se retrasar\u00e1 seis meses si la ACP, ente p\u00fablico que administra la v\u00eda interoce\u00e1nica, no agiliza sus tr\u00e1mites burocr\u00e1ticos y pagos, asegur\u00f3 Giuseppe Quarta,&#46;&#46;&#46;<\/p>\n","protected":false},"author":1,"featured_media":0,"comment_status":"open","ping_status":"closed","sticky":false,"template":"","format":"standard","meta":{"footnotes":""},"categories":[54],"tags":[786,4246,4108,1997],"class_list":["post-23715","post","type-post","status-publish","format-standard","hentry","category-centroamerica-seleccion","tag-acp","tag-administracion-del-canal-de-panama","tag-grupo-unidos-por-el-canal","tag-gupc"],"_links":{"self":[{"href":"https:\/\/copades.com\/monec\/index.php?rest_route=\/wp\/v2\/posts\/23715","targetHints":{"allow":["GET"]}}],"collection":[{"href":"https:\/\/copades.com\/monec\/index.php?rest_route=\/wp\/v2\/posts"}],"about":[{"href":"https:\/\/copades.com\/monec\/index.php?rest_route=\/wp\/v2\/types\/post"}],"author":[{"embeddable":true,"href":"https:\/\/copades.com\/monec\/index.php?rest_route=\/wp\/v2\/users\/1"}],"replies":[{"embeddable":true,"href":"https:\/\/copades.com\/monec\/index.php?rest_route=%2Fwp%2Fv2%2Fcomments&post=23715"}],"version-history":[{"count":1,"href":"https:\/\/copades.com\/monec\/index.php?rest_route=\/wp\/v2\/posts\/23715\/revisions"}],"predecessor-version":[{"id":23716,"href":"https:\/\/copades.com\/monec\/index.php?rest_route=\/wp\/v2\/posts\/23715\/revisions\/23716"}],"wp:attachment":[{"href":"https:\/\/copades.com\/monec\/index.php?rest_route=%2Fwp%2Fv2%2Fmedia&parent=23715"}],"wp:term":[{"taxonomy":"category","embeddable":true,"href":"https:\/\/copades.com\/monec\/index.php?rest_route=%2Fwp%2Fv2%2Fcategories&post=23715"},{"taxonomy":"post_tag","embeddable":true,"href":"https:\/\/copades.com\/monec\/index.php?rest_route=%2Fwp%2Fv2%2Ftags&post=23715"}],"curies":[{"name":"wp","href":"https:\/\/api.w.org\/{rel}","templated":true}]}}