{"id":23836,"date":"2016-01-16T16:41:06","date_gmt":"2016-01-16T16:41:06","guid":{"rendered":"http:\/\/copades.com\/monec\/?p=23836"},"modified":"2016-01-18T16:42:34","modified_gmt":"2016-01-18T16:42:34","slug":"venezuela-decreta-crisis-economica","status":"publish","type":"post","link":"https:\/\/copades.com\/monec\/?p=23836","title":{"rendered":"Venezuela decreta crisis econ\u00f3mica"},"content":{"rendered":"<p style=\"text-align: justify;\">El presidente <strong>Nicol\u00e1s Maduro<\/strong> decret\u00f3 ayer \u201cestado de emergencia\u201d por la crisis econ\u00f3mica que asfixia a Venezuela, poco antes de rendir cuentas de su gesti\u00f3n, ante un parlamento de mayor\u00eda opositora \u00a0que busca sacarlo del poder, un acto in\u00e9dito en 17 a\u00f1os de gobierno chavista. El gobierno venezolano podr\u00e1 disponer de bienes del sector privado para garantizar el abastecimiento de productos b\u00e1sicos, en grave escasez.\u00a0 \u00a0El decreto le otorga facultades al gobierno para tomar las \u201cmedidas oportunas\u201d para \u201cmitigar los efectos de la inflaci\u00f3n inducida, de las especulaciones del valor ficticio de la divisa, as\u00ed como contrarrestar las consecuencias de la guerra de los precios petroleros\u201d, dijo el vicepresidente del \u00e1rea econ\u00f3mica, Luis Salas. (Prensa Libre 16.01.16)<\/p>\n","protected":false},"excerpt":{"rendered":"<p>El presidente Nicol\u00e1s Maduro decret\u00f3 ayer \u201cestado de emergencia\u201d por la crisis econ\u00f3mica que asfixia a Venezuela, poco antes de rendir cuentas de su gesti\u00f3n, ante un parlamento de mayor\u00eda opositora \u00a0que busca sacarlo&#46;&#46;&#46;<\/p>\n","protected":false},"author":1,"featured_media":0,"comment_status":"open","ping_status":"closed","sticky":false,"template":"","format":"standard","meta":{"footnotes":""},"categories":[55],"tags":[188],"class_list":["post-23836","post","type-post","status-publish","format-standard","hentry","category-internacionales-seleccion","tag-venezuela"],"_links":{"self":[{"href":"https:\/\/copades.com\/monec\/index.php?rest_route=\/wp\/v2\/posts\/23836","targetHints":{"allow":["GET"]}}],"collection":[{"href":"https:\/\/copades.com\/monec\/index.php?rest_route=\/wp\/v2\/posts"}],"about":[{"href":"https:\/\/copades.com\/monec\/index.php?rest_route=\/wp\/v2\/types\/post"}],"author":[{"embeddable":true,"href":"https:\/\/copades.com\/monec\/index.php?rest_route=\/wp\/v2\/users\/1"}],"replies":[{"embeddable":true,"href":"https:\/\/copades.com\/monec\/index.php?rest_route=%2Fwp%2Fv2%2Fcomments&post=23836"}],"version-history":[{"count":1,"href":"https:\/\/copades.com\/monec\/index.php?rest_route=\/wp\/v2\/posts\/23836\/revisions"}],"predecessor-version":[{"id":23837,"href":"https:\/\/copades.com\/monec\/index.php?rest_route=\/wp\/v2\/posts\/23836\/revisions\/23837"}],"wp:attachment":[{"href":"https:\/\/copades.com\/monec\/index.php?rest_route=%2Fwp%2Fv2%2Fmedia&parent=23836"}],"wp:term":[{"taxonomy":"category","embeddable":true,"href":"https:\/\/copades.com\/monec\/index.php?rest_route=%2Fwp%2Fv2%2Fcategories&post=23836"},{"taxonomy":"post_tag","embeddable":true,"href":"https:\/\/copades.com\/monec\/index.php?rest_route=%2Fwp%2Fv2%2Ftags&post=23836"}],"curies":[{"name":"wp","href":"https:\/\/api.w.org\/{rel}","templated":true}]}}