{"id":23882,"date":"2016-01-19T17:26:08","date_gmt":"2016-01-19T17:26:08","guid":{"rendered":"http:\/\/copades.com\/monec\/?p=23882"},"modified":"2016-01-19T17:26:08","modified_gmt":"2016-01-19T17:26:08","slug":"guatemala-participara-en-feria-espanola","status":"publish","type":"post","link":"https:\/\/copades.com\/monec\/?p=23882","title":{"rendered":"Guatemala participar\u00e1 en feria espa\u00f1ola"},"content":{"rendered":"<p style=\"text-align: justify;\">Con el apoyo del sector p\u00fablico y privado, una delegaci\u00f3n de 16 empresas del sector tur\u00edstico participar\u00e1 en la 36 edici\u00f3n de la Feria Internacional de Turismo (FITUR), la cual se realizar\u00e1 del 20 al 24 de enero, en Madrid, Espa\u00f1a. \u201cGuatemala continuar\u00e1 promovi\u00e9ndose como Coraz\u00f3n del Mundo Maya en el pa\u00eds europeo y se tiene contemplada la promoci\u00f3n <em>Maya Trek<\/em> Carmelita El Mirador, como el producto tur\u00edstico m\u00e1s reciente en el segmento de aventura y naturaleza\u201d, dijo <strong>Maru Acevedo<\/strong>, subdirectora del Instituto Guatemalteco de Turismo. (Diario de Centroam\u00e9rica\/Siglo 21 19.01.16)<\/p>\n","protected":false},"excerpt":{"rendered":"<p>Con el apoyo del sector p\u00fablico y privado, una delegaci\u00f3n de 16 empresas del sector tur\u00edstico participar\u00e1 en la 36 edici\u00f3n de la Feria Internacional de Turismo (FITUR), la cual se realizar\u00e1 del 20&#46;&#46;&#46;<\/p>\n","protected":false},"author":1,"featured_media":0,"comment_status":"open","ping_status":"closed","sticky":false,"template":"","format":"standard","meta":{"footnotes":""},"categories":[114],"tags":[4273,4272,1920,1956],"class_list":["post-23882","post","type-post","status-publish","format-standard","hentry","category-turismo","tag-corazon-del-mundo-maya","tag-feria-internacional-de-turismo","tag-fitur","tag-instituto-guatemalteco-de-turismo"],"_links":{"self":[{"href":"https:\/\/copades.com\/monec\/index.php?rest_route=\/wp\/v2\/posts\/23882","targetHints":{"allow":["GET"]}}],"collection":[{"href":"https:\/\/copades.com\/monec\/index.php?rest_route=\/wp\/v2\/posts"}],"about":[{"href":"https:\/\/copades.com\/monec\/index.php?rest_route=\/wp\/v2\/types\/post"}],"author":[{"embeddable":true,"href":"https:\/\/copades.com\/monec\/index.php?rest_route=\/wp\/v2\/users\/1"}],"replies":[{"embeddable":true,"href":"https:\/\/copades.com\/monec\/index.php?rest_route=%2Fwp%2Fv2%2Fcomments&post=23882"}],"version-history":[{"count":1,"href":"https:\/\/copades.com\/monec\/index.php?rest_route=\/wp\/v2\/posts\/23882\/revisions"}],"predecessor-version":[{"id":23883,"href":"https:\/\/copades.com\/monec\/index.php?rest_route=\/wp\/v2\/posts\/23882\/revisions\/23883"}],"wp:attachment":[{"href":"https:\/\/copades.com\/monec\/index.php?rest_route=%2Fwp%2Fv2%2Fmedia&parent=23882"}],"wp:term":[{"taxonomy":"category","embeddable":true,"href":"https:\/\/copades.com\/monec\/index.php?rest_route=%2Fwp%2Fv2%2Fcategories&post=23882"},{"taxonomy":"post_tag","embeddable":true,"href":"https:\/\/copades.com\/monec\/index.php?rest_route=%2Fwp%2Fv2%2Ftags&post=23882"}],"curies":[{"name":"wp","href":"https:\/\/api.w.org\/{rel}","templated":true}]}}