{"id":24198,"date":"2016-02-02T17:51:24","date_gmt":"2016-02-02T17:51:24","guid":{"rendered":"http:\/\/copades.com\/monec\/?p=24198"},"modified":"2016-02-02T17:51:24","modified_gmt":"2016-02-02T17:51:24","slug":"portugal-pretende-reducir-su-deficit","status":"publish","type":"post","link":"https:\/\/copades.com\/monec\/?p=24198","title":{"rendered":"Portugal pretende reducir su d\u00e9ficit"},"content":{"rendered":"<p style=\"text-align: justify;\">El gobierno socialista de Portugal, dependiente de una fr\u00e1gil alianza con la izquierda radical, se halla bajo presi\u00f3n de la Comisi\u00f3n Europea (CE), que juzga poco cre\u00edble su proyecto de presupuesto para 2016, en el cual se ha planteado reducir el d\u00e9ficit p\u00fablico a un 2.6 por ciento del Producto Interno Bruto (PIB). La propuesta contempla una ecuaci\u00f3n en principio insoluble: dar vuelta la p\u00e1gina de la austeridad; por lo cual, la CE (ejecutivo de la Uni\u00f3n Europea) se\u00f1al\u00f3 incoherencias en el proyecto de presupuesto y pidi\u00f3 explicaciones escritas antes del fin de semana. \u00a0(Diario de Centroam\u00e9rica 02.02.16)<\/p>\n<p>&nbsp;<\/p>\n<p>&nbsp;<\/p>\n","protected":false},"excerpt":{"rendered":"<p>El gobierno socialista de Portugal, dependiente de una fr\u00e1gil alianza con la izquierda radical, se halla bajo presi\u00f3n de la Comisi\u00f3n Europea (CE), que juzga poco cre\u00edble su proyecto de presupuesto para 2016, en&#46;&#46;&#46;<\/p>\n","protected":false},"author":1,"featured_media":0,"comment_status":"open","ping_status":"closed","sticky":false,"template":"","format":"standard","meta":{"footnotes":""},"categories":[55],"tags":[265,644,142,1564],"class_list":["post-24198","post","type-post","status-publish","format-standard","hentry","category-internacionales-seleccion","tag-ce","tag-comision-europea","tag-pib","tag-producto-interno-bruto"],"_links":{"self":[{"href":"https:\/\/copades.com\/monec\/index.php?rest_route=\/wp\/v2\/posts\/24198","targetHints":{"allow":["GET"]}}],"collection":[{"href":"https:\/\/copades.com\/monec\/index.php?rest_route=\/wp\/v2\/posts"}],"about":[{"href":"https:\/\/copades.com\/monec\/index.php?rest_route=\/wp\/v2\/types\/post"}],"author":[{"embeddable":true,"href":"https:\/\/copades.com\/monec\/index.php?rest_route=\/wp\/v2\/users\/1"}],"replies":[{"embeddable":true,"href":"https:\/\/copades.com\/monec\/index.php?rest_route=%2Fwp%2Fv2%2Fcomments&post=24198"}],"version-history":[{"count":1,"href":"https:\/\/copades.com\/monec\/index.php?rest_route=\/wp\/v2\/posts\/24198\/revisions"}],"predecessor-version":[{"id":24199,"href":"https:\/\/copades.com\/monec\/index.php?rest_route=\/wp\/v2\/posts\/24198\/revisions\/24199"}],"wp:attachment":[{"href":"https:\/\/copades.com\/monec\/index.php?rest_route=%2Fwp%2Fv2%2Fmedia&parent=24198"}],"wp:term":[{"taxonomy":"category","embeddable":true,"href":"https:\/\/copades.com\/monec\/index.php?rest_route=%2Fwp%2Fv2%2Fcategories&post=24198"},{"taxonomy":"post_tag","embeddable":true,"href":"https:\/\/copades.com\/monec\/index.php?rest_route=%2Fwp%2Fv2%2Ftags&post=24198"}],"curies":[{"name":"wp","href":"https:\/\/api.w.org\/{rel}","templated":true}]}}