{"id":2458,"date":"2012-05-23T16:23:47","date_gmt":"2012-05-23T16:23:47","guid":{"rendered":"http:\/\/copades.com\/monec\/?p=2458"},"modified":"2012-05-23T16:23:47","modified_gmt":"2012-05-23T16:23:47","slug":"ocde-alerta-sobre-riesgo-de-recesion","status":"publish","type":"post","link":"https:\/\/copades.com\/monec\/?p=2458","title":{"rendered":"OCDE alerta sobre riesgo de recesi\u00f3n"},"content":{"rendered":"<p style=\"text-align: justify;\">Los 17 pa\u00edses de la eurozona corren el riesgo de caer en una \u201crecesi\u00f3n grave\u201d, advirti\u00f3 el martes \u00faltimo la Organizaci\u00f3n para la Cooperaci\u00f3n y el Desarrollo Econ\u00f3micos (OCDE), al tiempo que pidi\u00f3 a los gobiernos y al Banco Central Europeo que act\u00faen con premura para evitar que se extienda al resto del mundo. El economista y jefe de la OCDE, <strong>Pier Carlo Padoan<\/strong>, advirti\u00f3 de que la econom\u00eda de la eurozona podr\u00eda contraerse un 2.0% este a\u00f1o, una cifra que la organizaci\u00f3n con sede en Par\u00eds expuso en el reporte anterior como la peor situaci\u00f3n posible. En su panorama econ\u00f3mico semestral, la OCDE, que agrupa a las naciones m\u00e1s desarrolladas del mundo, pronostic\u00f3 para la econom\u00eda de la eurozona una contracci\u00f3n del 0.10% este a\u00f1o, y un crecimiento de 0.90% en el 2013. (Prensa Libre\/El Periodico\/Diario de Centroamerica 23.05.12)<\/p>\n","protected":false},"excerpt":{"rendered":"<p>Los 17 pa\u00edses de la eurozona corren el riesgo de caer en una \u201crecesi\u00f3n grave\u201d, advirti\u00f3 el martes \u00faltimo la Organizaci\u00f3n para la Cooperaci\u00f3n y el Desarrollo Econ\u00f3micos (OCDE), al tiempo que pidi\u00f3 a&#46;&#46;&#46;<\/p>\n","protected":false},"author":1,"featured_media":0,"comment_status":"open","ping_status":"closed","sticky":false,"template":"","format":"standard","meta":{"footnotes":""},"categories":[55],"tags":[133],"class_list":["post-2458","post","type-post","status-publish","format-standard","hentry","category-internacionales-seleccion","tag-ocde"],"_links":{"self":[{"href":"https:\/\/copades.com\/monec\/index.php?rest_route=\/wp\/v2\/posts\/2458","targetHints":{"allow":["GET"]}}],"collection":[{"href":"https:\/\/copades.com\/monec\/index.php?rest_route=\/wp\/v2\/posts"}],"about":[{"href":"https:\/\/copades.com\/monec\/index.php?rest_route=\/wp\/v2\/types\/post"}],"author":[{"embeddable":true,"href":"https:\/\/copades.com\/monec\/index.php?rest_route=\/wp\/v2\/users\/1"}],"replies":[{"embeddable":true,"href":"https:\/\/copades.com\/monec\/index.php?rest_route=%2Fwp%2Fv2%2Fcomments&post=2458"}],"version-history":[{"count":1,"href":"https:\/\/copades.com\/monec\/index.php?rest_route=\/wp\/v2\/posts\/2458\/revisions"}],"predecessor-version":[{"id":2459,"href":"https:\/\/copades.com\/monec\/index.php?rest_route=\/wp\/v2\/posts\/2458\/revisions\/2459"}],"wp:attachment":[{"href":"https:\/\/copades.com\/monec\/index.php?rest_route=%2Fwp%2Fv2%2Fmedia&parent=2458"}],"wp:term":[{"taxonomy":"category","embeddable":true,"href":"https:\/\/copades.com\/monec\/index.php?rest_route=%2Fwp%2Fv2%2Fcategories&post=2458"},{"taxonomy":"post_tag","embeddable":true,"href":"https:\/\/copades.com\/monec\/index.php?rest_route=%2Fwp%2Fv2%2Ftags&post=2458"}],"curies":[{"name":"wp","href":"https:\/\/api.w.org\/{rel}","templated":true}]}}