{"id":24677,"date":"2016-02-27T18:00:19","date_gmt":"2016-02-27T18:00:19","guid":{"rendered":"http:\/\/copades.com\/monec\/?p=24677"},"modified":"2016-02-29T18:02:15","modified_gmt":"2016-02-29T18:02:15","slug":"el-gasto-del-consumidor-en-ee-uu-aumenta-0-5-en-enero","status":"publish","type":"post","link":"https:\/\/copades.com\/monec\/?p=24677","title":{"rendered":"El gasto del consumidor en EE. UU. aumenta 0.5% en enero"},"content":{"rendered":"<p style=\"text-align: justify;\">La econom\u00eda inici\u00f3 bien el a\u00f1o. Los estadounidenses gastaron m\u00e1s durante enero, con el mayor nivel en ocho meses, mientras que sus ingresos aumentaron en la mayor cantidad desde junio. El gasto del consumidor aument\u00f3 0.5% el mes pasado, comparado con 0.1% de diciembre, inform\u00f3 el Departamento de Comercio el viernes. Los ingresos tambi\u00e9n aumentaron 0.5% en enero, de 0.3% de diciembre. El gasto del consumidor representa dos terceras partes de la actividad econ\u00f3mica y la s\u00f3lida proyecci\u00f3n es augurio de que los consumidores impulsar\u00e1n el crecimiento econ\u00f3mico en este trimestre. La medici\u00f3n clave de precios aument\u00f3 1.3% en enero comparado con hace 12 meses, y casi el doble del 0.7% durante diciembre. La Reserva Federal dijo que una aceleraci\u00f3n en la inflaci\u00f3n ser\u00e1 un factor clave para determinar el \u00edndice de futuros aumentos a la tasa de inter\u00e9s. (La Hora 27.02.16)<\/p>\n","protected":false},"excerpt":{"rendered":"<p>La econom\u00eda inici\u00f3 bien el a\u00f1o. Los estadounidenses gastaron m\u00e1s durante enero, con el mayor nivel en ocho meses, mientras que sus ingresos aumentaron en la mayor cantidad desde junio. El gasto del consumidor&#46;&#46;&#46;<\/p>\n","protected":false},"author":1,"featured_media":0,"comment_status":"open","ping_status":"closed","sticky":false,"template":"","format":"standard","meta":{"footnotes":""},"categories":[55],"tags":[374,705,927],"class_list":["post-24677","post","type-post","status-publish","format-standard","hentry","category-internacionales-seleccion","tag-departamento-de-comercio","tag-estados-unidos","tag-reserva-federal"],"_links":{"self":[{"href":"https:\/\/copades.com\/monec\/index.php?rest_route=\/wp\/v2\/posts\/24677","targetHints":{"allow":["GET"]}}],"collection":[{"href":"https:\/\/copades.com\/monec\/index.php?rest_route=\/wp\/v2\/posts"}],"about":[{"href":"https:\/\/copades.com\/monec\/index.php?rest_route=\/wp\/v2\/types\/post"}],"author":[{"embeddable":true,"href":"https:\/\/copades.com\/monec\/index.php?rest_route=\/wp\/v2\/users\/1"}],"replies":[{"embeddable":true,"href":"https:\/\/copades.com\/monec\/index.php?rest_route=%2Fwp%2Fv2%2Fcomments&post=24677"}],"version-history":[{"count":1,"href":"https:\/\/copades.com\/monec\/index.php?rest_route=\/wp\/v2\/posts\/24677\/revisions"}],"predecessor-version":[{"id":24678,"href":"https:\/\/copades.com\/monec\/index.php?rest_route=\/wp\/v2\/posts\/24677\/revisions\/24678"}],"wp:attachment":[{"href":"https:\/\/copades.com\/monec\/index.php?rest_route=%2Fwp%2Fv2%2Fmedia&parent=24677"}],"wp:term":[{"taxonomy":"category","embeddable":true,"href":"https:\/\/copades.com\/monec\/index.php?rest_route=%2Fwp%2Fv2%2Fcategories&post=24677"},{"taxonomy":"post_tag","embeddable":true,"href":"https:\/\/copades.com\/monec\/index.php?rest_route=%2Fwp%2Fv2%2Ftags&post=24677"}],"curies":[{"name":"wp","href":"https:\/\/api.w.org\/{rel}","templated":true}]}}