{"id":24810,"date":"2016-03-03T18:06:35","date_gmt":"2016-03-03T18:06:35","guid":{"rendered":"http:\/\/copades.com\/monec\/?p=24810"},"modified":"2016-03-03T18:06:35","modified_gmt":"2016-03-03T18:06:35","slug":"se-alistan-a-definir-capitulos-del-tlc","status":"publish","type":"post","link":"https:\/\/copades.com\/monec\/?p=24810","title":{"rendered":"Se alistan a definir cap\u00edtulos del TLC"},"content":{"rendered":"<p style=\"text-align: justify;\">Durante la tercera ronda de negociaciones para suscribir un Tratado de Libre Comercio (TLC) entre Centroam\u00e9rica y Corea del Sur, la cual concluy\u00f3 el pasado viernes, las delegaciones avanzaron en la discusi\u00f3n de los textos de los cap\u00edtulos que formar\u00e1n parte del convenio, inform\u00f3 el Ministerio de Econom\u00eda (MINECO). \u201cPor primera vez se discutieron todos los textos que se prev\u00e9 contendr\u00e1 el TLC, aunque algunos cap\u00edtulos se discutieron por primera vez con los negociadores coreanos, entre ellos competencia, temas laborales y ambientales, en los cuales los negociadores regionales y coreanos expusieron su visi\u00f3n sobre estos temas\u201d, subray\u00f3 el MINECO. (Diario de Centroam\u00e9rica 03.03.16)<\/p>\n","protected":false},"excerpt":{"rendered":"<p>Durante la tercera ronda de negociaciones para suscribir un Tratado de Libre Comercio (TLC) entre Centroam\u00e9rica y Corea del Sur, la cual concluy\u00f3 el pasado viernes, las delegaciones avanzaron en la discusi\u00f3n de los&#46;&#46;&#46;<\/p>\n","protected":false},"author":1,"featured_media":0,"comment_status":"open","ping_status":"closed","sticky":false,"template":"","format":"standard","meta":{"footnotes":""},"categories":[24,36],"tags":[3589,78,2261,63,1289],"class_list":["post-24810","post","type-post","status-publish","format-standard","hentry","category-comercio-exterior","category-tratados-de-libre-comercio","tag-centroamerica-y-corea-del-sur","tag-mineco","tag-ministerio-de-economia","tag-tlc","tag-tratado-de-libre-comercio"],"_links":{"self":[{"href":"https:\/\/copades.com\/monec\/index.php?rest_route=\/wp\/v2\/posts\/24810","targetHints":{"allow":["GET"]}}],"collection":[{"href":"https:\/\/copades.com\/monec\/index.php?rest_route=\/wp\/v2\/posts"}],"about":[{"href":"https:\/\/copades.com\/monec\/index.php?rest_route=\/wp\/v2\/types\/post"}],"author":[{"embeddable":true,"href":"https:\/\/copades.com\/monec\/index.php?rest_route=\/wp\/v2\/users\/1"}],"replies":[{"embeddable":true,"href":"https:\/\/copades.com\/monec\/index.php?rest_route=%2Fwp%2Fv2%2Fcomments&post=24810"}],"version-history":[{"count":1,"href":"https:\/\/copades.com\/monec\/index.php?rest_route=\/wp\/v2\/posts\/24810\/revisions"}],"predecessor-version":[{"id":24811,"href":"https:\/\/copades.com\/monec\/index.php?rest_route=\/wp\/v2\/posts\/24810\/revisions\/24811"}],"wp:attachment":[{"href":"https:\/\/copades.com\/monec\/index.php?rest_route=%2Fwp%2Fv2%2Fmedia&parent=24810"}],"wp:term":[{"taxonomy":"category","embeddable":true,"href":"https:\/\/copades.com\/monec\/index.php?rest_route=%2Fwp%2Fv2%2Fcategories&post=24810"},{"taxonomy":"post_tag","embeddable":true,"href":"https:\/\/copades.com\/monec\/index.php?rest_route=%2Fwp%2Fv2%2Ftags&post=24810"}],"curies":[{"name":"wp","href":"https:\/\/api.w.org\/{rel}","templated":true}]}}